{"id":13954,"date":"2023-09-10T20:52:22","date_gmt":"2023-09-10T20:52:22","guid":{"rendered":"https:\/\/www.notiflashmexiquense.com.mx\/?p=13954"},"modified":"2023-09-10T20:52:22","modified_gmt":"2023-09-10T20:52:22","slug":"aprueban-programa-para-regularizar-unidades-economicas-en-naucalpan","status":"publish","type":"post","link":"https:\/\/www.notiflashmexiquense.com.mx\/?p=13954","title":{"rendered":"APRUEBAN PROGRAMA PARA REGULARIZAR UNIDADES ECON\u00d3MICAS EN NAUCALPAN"},"content":{"rendered":"\n<p>Del 11 de septiembre al 15 de diciembre del presente a\u00f1o, el gobierno de Naucalpan implementar\u00e1 el Programa de Regularizaci\u00f3n y Ordenamiento de Unidades Econ\u00f3micas, con el objetivo de que los negocios que no han podido renovar o tramitar su licencia de funcionamiento, lo puedan hacer exentos de multas y recargos.<\/p>\n\n\n\n<p>Durante la Septuag\u00e9sima Sexta Sesi\u00f3n Ordinaria de Cabildo, el Cuerpo Edilicio aprob\u00f3 por unanimidad implementar este programa que permitir\u00e1 apoyar a los propietarios de unidades econ\u00f3micas que por diversos motivos no revalidaron la licencia de funcionamiento dentro de los tres primeros meses del presente a\u00f1o fiscal, como lo marca la reglamentaci\u00f3n municipal.<\/p>\n\n\n\n<p>El incumplimiento de esta normatividad, los hace susceptibles de recibir una sanci\u00f3n econ\u00f3mica y posibles recargos, por lo que este programa los exentar\u00e1 de dichos pagos y les permitir\u00e1 normalizarse.<\/p>\n\n\n\n<p>El titular de la Direcci\u00f3n General de Desarrollo y Fomento Econ\u00f3mico, Ignacio Espinoza Castillo puntualiz\u00f3 que a consecuencia de la pandemia, el sector comercial se vio gravemente afectado, principalmente las unidades econ\u00f3micas de bajo impacto, las cuales dan empleo al 64 por ciento de la poblaci\u00f3n econ\u00f3micamente activa.<\/p>\n\n\n\n<p>\u201cEste programa pretende impulsar la reactivaci\u00f3n econ\u00f3mica, atraer inversiones que se traduzcan en m\u00e1s y mejores oportunidades de empleo y beneficiar entre dos mil y tres mil unidades econ\u00f3micas que a\u00fan no revalidan su licencia de funcionamiento\u201d, puntualiz\u00f3 el funcionario.<\/p>\n\n\n\n<p>Precis\u00f3 que Naucalpan cuenta con un censo de 16 mil unidades econ\u00f3micas incluidas en el padr\u00f3n municipal, de las cuales 9 mil 200 cuentan con licencia de funcionamiento.<\/p>\n\n\n\n<p>Espinoza Castillo indic\u00f3 que la administraci\u00f3n de Patricia Dur\u00e1n dej\u00f3 un padr\u00f3n de 7 mil 500 unidades econ\u00f3micas, mientras que la proyecci\u00f3n del gobierno municipal encabezado por la alcaldesa Ang\u00e9lica Moya Mar\u00edn para el final de la administraci\u00f3n es de aproximadamente 15 mil unidades econ\u00f3micas con licencia de funcionamiento.<\/p>\n\n\n\n<p>Agreg\u00f3 que la administraci\u00f3n pasada emiti\u00f3 alrededor de 400 licencias de funcionamiento de alto impacto sin ning\u00fan sustento jur\u00eddico, por lo que se trabaja en la regularizaci\u00f3n de estos negocios como bares, restaurantes y cantinas, para que cuenten con el giro correspondiente, el cual es autorizado colegiadamente a trav\u00e9s del Comit\u00e9 Municipal de Dict\u00e1menes de Giro; se tiene un avance del 90 por ciento en la regularizaci\u00f3n de estos negocios.<\/p>\n\n\n\n<p>Las licencias de funcionamiento y ambientales son gratuitas, pero aquellas unidades econ\u00f3micas de mediano y alto impacto deber\u00e1n cubrir el pago de derechos correspondientes al ejercicio fiscal 2023, para evitar multas y recargos.<\/p>\n\n\n\n<p>Los interesados en participar en este programa de regularizaci\u00f3n deben acudir a la Ventanilla \u00danica ubicada en la planta baja del Palacio Municipal, tambi\u00e9n pueden consultar la informaci\u00f3n que ser\u00e1 publicada en la p\u00e1gina oficial del gobierno municipal (https:\/\/naucalpan.gob.mx\/) a partir del 11 de septiembre o comunicarse al tel\u00e9fono de la Ventanilla \u00danica 55 5317-8300, extensi\u00f3n 1113.<\/p>\n","protected":false},"excerpt":{"rendered":"<p>Del 11 de septiembre al 15 de diciembre del presente a&ntilde;o, el gobierno de Naucalpan&#8230;<\/p>\n","protected":false},"author":1,"featured_media":13955,"comment_status":"closed","ping_status":"closed","sticky":false,"template":"","format":"standard","meta":{"footnotes":""},"categories":[45],"tags":[],"class_list":["post-13954","post","type-post","status-publish","format-standard","has-post-thumbnail","hentry","category-atizapan-de-zaragoza"],"_links":{"self":[{"href":"https:\/\/www.notiflashmexiquense.com.mx\/index.php?rest_route=\/wp\/v2\/posts\/13954","targetHints":{"allow":["GET"]}}],"collection":[{"href":"https:\/\/www.notiflashmexiquense.com.mx\/index.php?rest_route=\/wp\/v2\/posts"}],"about":[{"href":"https:\/\/www.notiflashmexiquense.com.mx\/index.php?rest_route=\/wp\/v2\/types\/post"}],"author":[{"embeddable":true,"href":"https:\/\/www.notiflashmexiquense.com.mx\/index.php?rest_route=\/wp\/v2\/users\/1"}],"replies":[{"embeddable":true,"href":"https:\/\/www.notiflashmexiquense.com.mx\/index.php?rest_route=%2Fwp%2Fv2%2Fcomments&post=13954"}],"version-history":[{"count":1,"href":"https:\/\/www.notiflashmexiquense.com.mx\/index.php?rest_route=\/wp\/v2\/posts\/13954\/revisions"}],"predecessor-version":[{"id":13956,"href":"https:\/\/www.notiflashmexiquense.com.mx\/index.php?rest_route=\/wp\/v2\/posts\/13954\/revisions\/13956"}],"wp:featuredmedia":[{"embeddable":true,"href":"https:\/\/www.notiflashmexiquense.com.mx\/index.php?rest_route=\/wp\/v2\/media\/13955"}],"wp:attachment":[{"href":"https:\/\/www.notiflashmexiquense.com.mx\/index.php?rest_route=%2Fwp%2Fv2%2Fmedia&parent=13954"}],"wp:term":[{"taxonomy":"category","embeddable":true,"href":"https:\/\/www.notiflashmexiquense.com.mx\/index.php?rest_route=%2Fwp%2Fv2%2Fcategories&post=13954"},{"taxonomy":"post_tag","embeddable":true,"href":"https:\/\/www.notiflashmexiquense.com.mx\/index.php?rest_route=%2Fwp%2Fv2%2Ftags&post=13954"}],"curies":[{"name":"wp","href":"https:\/\/api.w.org\/{rel}","templated":true}]}}