{"id":13918,"date":"2023-09-07T01:54:56","date_gmt":"2023-09-07T01:54:56","guid":{"rendered":"https:\/\/www.notiflashmexiquense.com.mx\/?p=13918"},"modified":"2023-09-07T01:54:57","modified_gmt":"2023-09-07T01:54:57","slug":"bomberos-de-naucalpan-sofocan-incendio-de-bodega","status":"publish","type":"post","link":"https:\/\/www.notiflashmexiquense.com.mx\/?p=13918","title":{"rendered":"BOMBEROS DE NAUCALPAN SOFOCAN INCENDIO DE BODEGA"},"content":{"rendered":"\n<p>Elementos de la Coordinaci\u00f3n Municipal de Protecci\u00f3n Civil y Bomberos de Naucalpan sofocaron un incendio que se suscit\u00f3 en una bodega ubicada en la colonia San Mateo Nopala, en donde una persona result\u00f3 lesionada con quemaduras de primer grado.<\/p>\n\n\n\n<p>El titular de la dependencia, Mois\u00e9s Minquini Matilde, inform\u00f3 que en el lugar, con una superficie aproximada de 400 metros cuadrados, laboraron 18 elementos de protecci\u00f3n civil y bomberos y cuatro trabajadores de OAPAS, con el apoyo de cinco autotanques, cuatro unidades ligeras y dos pipas del organismo municipal de agua.<\/p>\n\n\n\n<p>El funcionario mencion\u00f3 que no se registraron v\u00edctimas mortales y un masculino de aproximadamente 44 a\u00f1os con quemaduras de primer grado en cara, dorso y palmas de ambas manos, fue atendido por param\u00e9dicos municipales en el sitio al no requerir hospitalizaci\u00f3n.<\/p>\n\n\n\n<p>Indic\u00f3 que el personal de emergencias control\u00f3 el fuego, lo sofoc\u00f3 y posteriormente hizo la remoci\u00f3n de escombros para asegurarse que no se reavivara el incendio de la bodega, localizada sobre avenida San Mateo Nopala de la referida comunidad, cuyo giro es desperdicio industrial y transporte.<\/p>\n\n\n\n<p>El gobierno de Naucalpan pone a disposici\u00f3n de la ciudadan\u00eda los siguientes n\u00fameros telef\u00f3nicos para reportar cualquier emergencia: Protecci\u00f3n Civil, 55 5371- 8480; Bomberos, 55 5373-1122, y Atenci\u00f3n Prehospitalaria, 55 5371-8474.<\/p>\n","protected":false},"excerpt":{"rendered":"<p>Elementos de la Coordinaci&oacute;n Municipal de Protecci&oacute;n Civil y Bomberos de Naucalpan sofocaron un incendio&#8230;<\/p>\n","protected":false},"author":1,"featured_media":13919,"comment_status":"closed","ping_status":"closed","sticky":false,"template":"","format":"standard","meta":{"footnotes":""},"categories":[45],"tags":[],"class_list":["post-13918","post","type-post","status-publish","format-standard","has-post-thumbnail","hentry","category-atizapan-de-zaragoza"],"_links":{"self":[{"href":"https:\/\/www.notiflashmexiquense.com.mx\/index.php?rest_route=\/wp\/v2\/posts\/13918","targetHints":{"allow":["GET"]}}],"collection":[{"href":"https:\/\/www.notiflashmexiquense.com.mx\/index.php?rest_route=\/wp\/v2\/posts"}],"about":[{"href":"https:\/\/www.notiflashmexiquense.com.mx\/index.php?rest_route=\/wp\/v2\/types\/post"}],"author":[{"embeddable":true,"href":"https:\/\/www.notiflashmexiquense.com.mx\/index.php?rest_route=\/wp\/v2\/users\/1"}],"replies":[{"embeddable":true,"href":"https:\/\/www.notiflashmexiquense.com.mx\/index.php?rest_route=%2Fwp%2Fv2%2Fcomments&post=13918"}],"version-history":[{"count":1,"href":"https:\/\/www.notiflashmexiquense.com.mx\/index.php?rest_route=\/wp\/v2\/posts\/13918\/revisions"}],"predecessor-version":[{"id":13920,"href":"https:\/\/www.notiflashmexiquense.com.mx\/index.php?rest_route=\/wp\/v2\/posts\/13918\/revisions\/13920"}],"wp:featuredmedia":[{"embeddable":true,"href":"https:\/\/www.notiflashmexiquense.com.mx\/index.php?rest_route=\/wp\/v2\/media\/13919"}],"wp:attachment":[{"href":"https:\/\/www.notiflashmexiquense.com.mx\/index.php?rest_route=%2Fwp%2Fv2%2Fmedia&parent=13918"}],"wp:term":[{"taxonomy":"category","embeddable":true,"href":"https:\/\/www.notiflashmexiquense.com.mx\/index.php?rest_route=%2Fwp%2Fv2%2Fcategories&post=13918"},{"taxonomy":"post_tag","embeddable":true,"href":"https:\/\/www.notiflashmexiquense.com.mx\/index.php?rest_route=%2Fwp%2Fv2%2Ftags&post=13918"}],"curies":[{"name":"wp","href":"https:\/\/api.w.org\/{rel}","templated":true}]}}