{"id":13915,"date":"2023-09-07T01:42:45","date_gmt":"2023-09-07T01:42:45","guid":{"rendered":"https:\/\/www.notiflashmexiquense.com.mx\/?p=13915"},"modified":"2023-09-07T01:42:46","modified_gmt":"2023-09-07T01:42:46","slug":"entrega-angelica-moya-rehabilitacion-de-parque-con-perspectiva-de-genero","status":"publish","type":"post","link":"https:\/\/www.notiflashmexiquense.com.mx\/?p=13915","title":{"rendered":"ENTREGA ANG\u00c9LICA MOYA REHABILITACI\u00d3N DE PARQUE CON PERSPECTIVA DE G\u00c9NERO"},"content":{"rendered":"\n<ul class=\"wp-block-list\">\n<li>Es importante arrebatarle estos espacios a la delincuencia y combatir la violencia de g\u00e9nero, afirm\u00f3 la alcaldesa.<\/li>\n<\/ul>\n\n\n\n<p>Al entregar la rehabilitaci\u00f3n del parque de la colonia Ampliaci\u00f3n Loma Linda, la presidenta municipal Ang\u00e9lica Moya Mar\u00edn destac\u00f3 la importancia de rescatar los espacios p\u00fablicos con perspectiva de g\u00e9nero para \u201carrebatarle este tipo de sitios a la delincuencia\u201d, as\u00ed como combatir y erradicar la violencia contra las mujeres.<\/p>\n\n\n\n<p>La alcaldesa se congratul\u00f3 de ver a varias vecinas involucradas en esta tarea, \u201cme da much\u00edsimo gusto saber que est\u00e1n todas presentes, que participaron, que est\u00e1n preocupadas y ocupadas por lo que pasa en su comunidad, en la medida que nosotros sintamos que la comunidad somos todos, nos pertenece y es de todos, vamos a poder cambiar el rostro del municipio, eso se llama tejido social\u201d.<\/p>\n\n\n\n<p>Sobre el tema de la seguridad, Moya Mar\u00edn indic\u00f3 que la tendencia de los \u00edndices delictivos es a la baja en diferentes rubros, pero que no se debe bajar la guardia frente a la inseguridad, por el contrario, es necesario seguir implementando acciones como el rescate de espacios p\u00fablicos y trabajar en el tema de la prevenci\u00f3n.<\/p>\n\n\n\n<p>Asimismo, exhort\u00f3 a los elementos de la polic\u00eda municipal a incrementar su presencia en estos espacios \u201cpara que todos hagamos en conjunto esa seguridad\u201d y agradeci\u00f3 al Instituto de las Mujeres Naucalpenses y la Igualdad Sustantiva (IMNIS), DIF Municipal, Instituto Municipal de Cultura F\u00edsica y Deporte y a todas las \u00e1reas involucradas, \u201cporque sin ustedes no ser\u00eda posible tener una pol\u00edtica de seguridad y de prevenci\u00f3n coherente que est\u00e9 dando resultados\u201d.<\/p>\n\n\n\n<p>La titular del IMNIS, Montserrat Hern\u00e1ndez Argueta, apunt\u00f3 que en este parque se realizaron trabajos de aplicaci\u00f3n de pintura en la cancha de usos m\u00faltiples, juegos, bardas y bancas, reparaci\u00f3n de juegos infantiles, rehabilitaci\u00f3n de pasillos y mallas cicl\u00f3nicas, entre otras labores que benefician a las familias que lo visitan.<\/p>\n\n\n\n<p>Agreg\u00f3 que en un esfuerzo conjunto con el colectivo \u2018Nosotras\u2019, los visitantes pueden apreciar una serie de fotograf\u00edas que retratan a las mujeres que habitan en esta comunidad, \u201caqu\u00ed est\u00e1 el reflejo de todo lo que ustedes son, su val\u00eda, el ser madres, vecinas, mujeres trabajadoras, estudiantes y sobre todo mujeres orgullosamente naucalpenses\u201d.<\/p>\n\n\n\n<p>Eduardo Escobar Gordillo, presidente del Consejo de Participaci\u00f3n Ciudadana de Ampliaci\u00f3n Loma Linda, felicit\u00f3 a los vecinos que se sumaron a estos trabajos para que las familias disfruten este parque y coment\u00f3 que es importante concientizar a la ciudadan\u00eda sobre la perspectiva de g\u00e9nero para reducir la violencia en contra de las mujeres.<\/p>\n","protected":false},"excerpt":{"rendered":"<p>Al entregar la rehabilitaci&oacute;n del parque de la colonia Ampliaci&oacute;n Loma Linda, la presidenta municipal&#8230;<\/p>\n","protected":false},"author":1,"featured_media":13916,"comment_status":"closed","ping_status":"closed","sticky":false,"template":"","format":"standard","meta":{"footnotes":""},"categories":[45],"tags":[],"class_list":["post-13915","post","type-post","status-publish","format-standard","has-post-thumbnail","hentry","category-atizapan-de-zaragoza"],"_links":{"self":[{"href":"https:\/\/www.notiflashmexiquense.com.mx\/index.php?rest_route=\/wp\/v2\/posts\/13915","targetHints":{"allow":["GET"]}}],"collection":[{"href":"https:\/\/www.notiflashmexiquense.com.mx\/index.php?rest_route=\/wp\/v2\/posts"}],"about":[{"href":"https:\/\/www.notiflashmexiquense.com.mx\/index.php?rest_route=\/wp\/v2\/types\/post"}],"author":[{"embeddable":true,"href":"https:\/\/www.notiflashmexiquense.com.mx\/index.php?rest_route=\/wp\/v2\/users\/1"}],"replies":[{"embeddable":true,"href":"https:\/\/www.notiflashmexiquense.com.mx\/index.php?rest_route=%2Fwp%2Fv2%2Fcomments&post=13915"}],"version-history":[{"count":1,"href":"https:\/\/www.notiflashmexiquense.com.mx\/index.php?rest_route=\/wp\/v2\/posts\/13915\/revisions"}],"predecessor-version":[{"id":13917,"href":"https:\/\/www.notiflashmexiquense.com.mx\/index.php?rest_route=\/wp\/v2\/posts\/13915\/revisions\/13917"}],"wp:featuredmedia":[{"embeddable":true,"href":"https:\/\/www.notiflashmexiquense.com.mx\/index.php?rest_route=\/wp\/v2\/media\/13916"}],"wp:attachment":[{"href":"https:\/\/www.notiflashmexiquense.com.mx\/index.php?rest_route=%2Fwp%2Fv2%2Fmedia&parent=13915"}],"wp:term":[{"taxonomy":"category","embeddable":true,"href":"https:\/\/www.notiflashmexiquense.com.mx\/index.php?rest_route=%2Fwp%2Fv2%2Fcategories&post=13915"},{"taxonomy":"post_tag","embeddable":true,"href":"https:\/\/www.notiflashmexiquense.com.mx\/index.php?rest_route=%2Fwp%2Fv2%2Ftags&post=13915"}],"curies":[{"name":"wp","href":"https:\/\/api.w.org\/{rel}","templated":true}]}}