{"id":13882,"date":"2023-09-03T21:47:34","date_gmt":"2023-09-03T21:47:34","guid":{"rendered":"https:\/\/www.notiflashmexiquense.com.mx\/?p=13882"},"modified":"2023-09-04T04:54:47","modified_gmt":"2023-09-04T04:54:47","slug":"conmemora-atizapan-de-zaragoza-el-149-aniversario-de-su-fundacion-atizapan-de-zaragoza-es-lugar-de-trabajo-cultura-y-prosperidad-pedro-rodriguez-villegas","status":"publish","type":"post","link":"https:\/\/www.notiflashmexiquense.com.mx\/?p=13882","title":{"rendered":"CONMEMORA ATIZAP\u00c1N DE ZARAGOZA EL 149 ANIVERSARIO DE SU FUNDACI\u00d3N; \u201cATIZAP\u00c1N DE ZARAGOZA ES LUGAR DE TRABAJO, CULTURA Y PROSPERIDAD\u201d: PEDRO RODR\u00cdGUEZ VILLEGAS"},"content":{"rendered":"\n<p>El Presidente Municipal de Atizap\u00e1n de Zaragoza, Pedro Rodr\u00edguez Villegas, miembros del Cabildo y directores y directoras de \u00e1rea, conmemoraron el 149 aniversario de la fundaci\u00f3n del Municipio.<\/p>\n\n\n\n<p>En una ceremonia celebrada en el patio central del Palacio Municipal, el Alcalde destac\u00f3 que se cimenta un municipio fuerte y unido para que las pr\u00f3ximas generaciones encuentren un lugar pr\u00f3spero para vivir y desarrollarse.<\/p>\n\n\n\n<p>\u201cSabemos que unidos lograremos consolidarlo. Me siento muy orgulloso, contento y satisfecho de lo que hemos logrado en todas y cada una de las \u00e1reas que conforman esta Administraci\u00f3n. El municipio de Atizap\u00e1n de Zaragoza construye su grandeza gracias a su ciudadan\u00eda\u201d, coment\u00f3 Rodr\u00edguez Villegas.<\/p>\n\n\n\n<p>\u201cEl aniversario de un municipio, como el que hoy conmemoramos los atizapenses, debe tener un significado muy profundo en la vida de los pueblos, ya que cuenta una historia de esfuerzo, de situaciones dif\u00edciles. La fuerza del pueblo y la b\u00fasqueda constante de vivir en paz, con armon\u00eda y prosperidad es lo que reflejan estos 149 a\u00f1os de vida de nuestro municipio\u201d.<\/p>\n\n\n\n<p>El Presidente Municipal tambi\u00e9n hizo un reconocimiento a las y los integrantes del Cabildo por velar por el inter\u00e9s del pueblo atizapense, por encima de los intereses personales, partidistas o de grupos.<\/p>\n\n\n\n<p>\u201cAtizap\u00e1n de Zaragoza es lugar de trabajo, cultura y prosperidad y por ello los invito a dar su mejor esfuerzo, debemos hacer una Administraci\u00f3n que trascienda, que deje huella a su paso\u201d, a\u00f1adi\u00f3.<\/p>\n\n\n\n<p>Por su parte, Sergio Hern\u00e1ndez Olvera, Secretario del Ayuntamiento, destac\u00f3 la importancia de recordar el decreto que el Congreso del Estado de M\u00e9xico expidi\u00f3 y que entr\u00f3 en vigor el 3 de septiembre de 1874, siendo Gobernador Jes\u00fas Alberto Garc\u00eda, y que dio nacimiento a Atizap\u00e1n de Zaragoza.<\/p>\n\n\n\n<p>A 149 a\u00f1os, mencion\u00f3 el Secretario del Ayuntamiento, el municipio cuenta con un territorio que comprende m\u00e1s de 90 kil\u00f3metros cuadrados y agrupa comunidades distribuidas entre fraccionamientos, colonias y los tres pueblos fundacionales; San Francisco Atizap\u00e1n, San Mateo Tecoloapan y Calacoaya.<\/p>\n\n\n\n<p>\u201cAtizap\u00e1n de Zaragoza cuenta con una infraestructura \u00fanica al tener en el territorio un aeropuerto, diversas e importantes universidades, la Presa Mad\u00edn, el Parque de los Ciervos, el cual ocupa una extensi\u00f3n aproximada de 300 hect\u00e1reas en la serran\u00eda de La Biznaga, siendo \u00e9ste el principal pulm\u00f3n del Municipio\u201d, describi\u00f3.<\/p>\n\n\n\n<p>\u201cEn la actual Administraci\u00f3n tenemos como meta consolidarnos como un municipio desarrollado y en plena renovaci\u00f3n, por lo que se han emprendido diversas acciones en materia cultural, de educaci\u00f3n, de seguridad p\u00fablica, de cuidado del agua, servicios p\u00fablicos y la mayor inversi\u00f3n en obra p\u00fablica en la historia del municipio\u201d, destac\u00f3.<\/p>\n\n\n\n<p>Lo anterior, dijo, ha permitido atender y dar soluciones en las distintas demandas populares, lo que significa que el Gobierno sigue dando resultados.<\/p>\n\n\n\n<p>En su intervenci\u00f3n, Arturo Trueba Urb\u00e1n, cronista municipal, adelant\u00f3 que ya se alistan los preparativos por el 150 aniversario del Municipio e invit\u00f3 a hacer una declaratoria oficial para que el 2024 sea declarado as\u00ed, de los 150 a\u00f1os de vida municipal.<\/p>\n\n\n\n<p>Tambi\u00e9n expres\u00f3 la necesidad de que los m\u00e1s de 600 mil habitantes que tiene el municipio hagan un examen de conciencia sobre su origen y el rumbo por el que quieren llevar al municipio.<\/p>\n","protected":false},"excerpt":{"rendered":"<p>https:\/\/youtu.be\/7cTdH2GPkW8?feature=shared<\/p>\n","protected":false},"author":1,"featured_media":13883,"comment_status":"closed","ping_status":"closed","sticky":false,"template":"","format":"standard","meta":{"footnotes":""},"categories":[45],"tags":[],"class_list":["post-13882","post","type-post","status-publish","format-standard","has-post-thumbnail","hentry","category-atizapan-de-zaragoza"],"_links":{"self":[{"href":"https:\/\/www.notiflashmexiquense.com.mx\/index.php?rest_route=\/wp\/v2\/posts\/13882","targetHints":{"allow":["GET"]}}],"collection":[{"href":"https:\/\/www.notiflashmexiquense.com.mx\/index.php?rest_route=\/wp\/v2\/posts"}],"about":[{"href":"https:\/\/www.notiflashmexiquense.com.mx\/index.php?rest_route=\/wp\/v2\/types\/post"}],"author":[{"embeddable":true,"href":"https:\/\/www.notiflashmexiquense.com.mx\/index.php?rest_route=\/wp\/v2\/users\/1"}],"replies":[{"embeddable":true,"href":"https:\/\/www.notiflashmexiquense.com.mx\/index.php?rest_route=%2Fwp%2Fv2%2Fcomments&post=13882"}],"version-history":[{"count":2,"href":"https:\/\/www.notiflashmexiquense.com.mx\/index.php?rest_route=\/wp\/v2\/posts\/13882\/revisions"}],"predecessor-version":[{"id":13891,"href":"https:\/\/www.notiflashmexiquense.com.mx\/index.php?rest_route=\/wp\/v2\/posts\/13882\/revisions\/13891"}],"wp:featuredmedia":[{"embeddable":true,"href":"https:\/\/www.notiflashmexiquense.com.mx\/index.php?rest_route=\/wp\/v2\/media\/13883"}],"wp:attachment":[{"href":"https:\/\/www.notiflashmexiquense.com.mx\/index.php?rest_route=%2Fwp%2Fv2%2Fmedia&parent=13882"}],"wp:term":[{"taxonomy":"category","embeddable":true,"href":"https:\/\/www.notiflashmexiquense.com.mx\/index.php?rest_route=%2Fwp%2Fv2%2Fcategories&post=13882"},{"taxonomy":"post_tag","embeddable":true,"href":"https:\/\/www.notiflashmexiquense.com.mx\/index.php?rest_route=%2Fwp%2Fv2%2Ftags&post=13882"}],"curies":[{"name":"wp","href":"https:\/\/api.w.org\/{rel}","templated":true}]}}