{"id":137,"date":"2021-02-08T01:00:09","date_gmt":"2021-02-08T01:00:09","guid":{"rendered":"https:\/\/www.notiflashmexiquense.com.mx\/?p=137"},"modified":"2021-02-08T01:00:10","modified_gmt":"2021-02-08T01:00:10","slug":"ampliara-atizapan-de-zaragoza-programa-de-apoyo-economico-para-personas-en-situacion-de-vulnerabilidad-por-covid19","status":"publish","type":"post","link":"https:\/\/www.notiflashmexiquense.com.mx\/?p=137","title":{"rendered":"AMPLIAR\u00c1 ATIZAP\u00c1N DE ZARAGOZA PROGRAMA DE APOYO ECON\u00d3MICO PARA PERSONAS EN SITUACI\u00d3N DE VULNERABILIDAD POR COVID19"},"content":{"rendered":"\n<p>La Presidenta Municipal Ruth Olvera Nieto inform\u00f3 que tras ser aprobado por el Cabildo, su gobierno ampliar\u00e1 la ejecuci\u00f3n del Programa de Apoyo Econ\u00f3mico para Personas en Situaci\u00f3n de Vulnerabilidad por Disminuci\u00f3n o P\u00e9rdida de sus Ingresos como efecto de la contingencia sanitaria por el virus SARSCoV2.<\/p>\n\n\n\n<p>Durante la Septuag\u00e9sima Segunda Sesi\u00f3n Ordinaria del Cabildo, los ediles autorizaron extender el programa por un per\u00edodo adicional a seis meses, de enero a junio del ejercicio fiscal 2021.<\/p>\n\n\n\n<p>Para tal efecto, el Cabildo aprob\u00f3 destinar 36 millones de pesos para la ampliaci\u00f3n de la operaci\u00f3n del programa de apoyo econ\u00f3mico para personas que han sido afectadas en sus ingresos por la pandemia.<\/p>\n\n\n\n<p>Los beneficios econ\u00f3micos ser\u00e1n para las tres mil familias atizapenses beneficiadas con el apoyo durante el 2020 y se otorgar\u00e1n a trav\u00e9s de cheques nominativos por parte de la Tesorer\u00eda municipal.<\/p>\n\n\n\n<p>La entrega de los apoyos ser\u00e1n en febrero -correspondiente a enero, febrero y marzo-, y mayo -correspondiente a abril, mayo y junio-, de acuerdo a la inicial del apellido paterno y conforme al calendario que pueden checar en https:\/\/bit.ly\/2MHr1KS<\/p>\n\n\n\n<p>De esta manera, la Alcaldesa Ruth Olvera Nieto resalt\u00f3 que su gobierno reafirma su compromiso con el bienestar de los habitantes del municipio.<\/p>\n\n\n\n<p>Cabe recordar que durante el ejercicio fiscal 2020, los apoyos econ\u00f3micos fueron entregados durante cuatro meses, de septiembre a diciembre, representando una inversi\u00f3n total de 24 millones de pesos.<\/p>\n","protected":false},"excerpt":{"rendered":"<p>La Presidenta Municipal Ruth Olvera Nieto inform&oacute; que tras ser aprobado por el Cabildo, su&#8230;<\/p>\n","protected":false},"author":1,"featured_media":138,"comment_status":"closed","ping_status":"closed","sticky":false,"template":"","format":"standard","meta":{"footnotes":""},"categories":[1],"tags":[],"class_list":["post-137","post","type-post","status-publish","format-standard","has-post-thumbnail","hentry","category-noticias"],"_links":{"self":[{"href":"https:\/\/www.notiflashmexiquense.com.mx\/index.php?rest_route=\/wp\/v2\/posts\/137","targetHints":{"allow":["GET"]}}],"collection":[{"href":"https:\/\/www.notiflashmexiquense.com.mx\/index.php?rest_route=\/wp\/v2\/posts"}],"about":[{"href":"https:\/\/www.notiflashmexiquense.com.mx\/index.php?rest_route=\/wp\/v2\/types\/post"}],"author":[{"embeddable":true,"href":"https:\/\/www.notiflashmexiquense.com.mx\/index.php?rest_route=\/wp\/v2\/users\/1"}],"replies":[{"embeddable":true,"href":"https:\/\/www.notiflashmexiquense.com.mx\/index.php?rest_route=%2Fwp%2Fv2%2Fcomments&post=137"}],"version-history":[{"count":1,"href":"https:\/\/www.notiflashmexiquense.com.mx\/index.php?rest_route=\/wp\/v2\/posts\/137\/revisions"}],"predecessor-version":[{"id":139,"href":"https:\/\/www.notiflashmexiquense.com.mx\/index.php?rest_route=\/wp\/v2\/posts\/137\/revisions\/139"}],"wp:featuredmedia":[{"embeddable":true,"href":"https:\/\/www.notiflashmexiquense.com.mx\/index.php?rest_route=\/wp\/v2\/media\/138"}],"wp:attachment":[{"href":"https:\/\/www.notiflashmexiquense.com.mx\/index.php?rest_route=%2Fwp%2Fv2%2Fmedia&parent=137"}],"wp:term":[{"taxonomy":"category","embeddable":true,"href":"https:\/\/www.notiflashmexiquense.com.mx\/index.php?rest_route=%2Fwp%2Fv2%2Fcategories&post=137"},{"taxonomy":"post_tag","embeddable":true,"href":"https:\/\/www.notiflashmexiquense.com.mx\/index.php?rest_route=%2Fwp%2Fv2%2Ftags&post=137"}],"curies":[{"name":"wp","href":"https:\/\/api.w.org\/{rel}","templated":true}]}}