{"id":13659,"date":"2023-08-11T23:26:17","date_gmt":"2023-08-11T23:26:17","guid":{"rendered":"https:\/\/www.notiflashmexiquense.com.mx\/?p=13659"},"modified":"2023-08-11T23:26:17","modified_gmt":"2023-08-11T23:26:17","slug":"inician-inscripciones-para-estancias-yjardines-de-ninos-del-dif-naucalpan","status":"publish","type":"post","link":"https:\/\/www.notiflashmexiquense.com.mx\/?p=13659","title":{"rendered":"INICIAN INSCRIPCIONES PARA ESTANCIAS YJARDINES DE NI\u00d1OS DEL DIF NAUCALPAN"},"content":{"rendered":"\n<p>En apoyo a las madres trabajadoras y a los naucalpenses en general, el Sistema Municipal para el Desarrollo Integral de la Familia (SMDIF) abre el periodo de inscripciones para estancias infantiles del 14 al 18 de agosto, mientras que el de los jardines de ni\u00f1os ser\u00e1 del 15 al 18 de agosto.<\/p>\n\n\n\n<p>La titular del SMDIF, Cynthia Elizondo Basurto, inform\u00f3 que se ofrece servicio en 11 estancias infantiles y 25 jardines de ni\u00f1os distribuidos a lo largo y ancho del territorio municipal, para acercar esta oferta educativa al mayor n\u00famero de familias.<\/p>\n\n\n\n<p>El servicio en las estancias infantiles est\u00e1 dividido en: lactantes, de 3 meses a un a\u00f1o y medio; maternales, de un a\u00f1o siete meses a dos a\u00f1os con 11 meses, y preescolares, de tres a\u00f1os a tres a\u00f1os con 11 meses. Los peque\u00f1os reciben servicios como estimulaci\u00f3n temprana, educaci\u00f3n inicial, alimentaci\u00f3n balanceada, medicina preventiva y asesor\u00eda psicol\u00f3gica.<\/p>\n\n\n\n<p>El costo de inscripci\u00f3n en las estancias es de 350 pesos, posteriormente se deber\u00e1 de cubrir una cuota de recuperaci\u00f3n mensual que depender\u00e1 de un estudio socioecon\u00f3mico que se realiza en la estancia infantil seleccionada. En los jardines la inscripci\u00f3n es de 200 pesos y cuota mensual de 350 pesos.<\/p>\n\n\n\n<p>Las etapas de los jardines de ni\u00f1os son: preescolar uno (tres a\u00f1os cumplidos al 31 de diciembre del 2023); preescolar dos (cuatro a\u00f1os cumplidos al 31 de diciembre del 2023) y preescolar tres (cinco a\u00f1os cumplidos al 31 de diciembre del presente a\u00f1o).<\/p>\n\n\n\n<p>Para conocer m\u00e1s detalles sobre las ubicaciones de jardines de ni\u00f1os y estancias infantiles, as\u00ed como los requisitos para las inscripciones, los interesados pueden comunicarse a los tel\u00e9fonos 55-92-57-67-43 (y terminaciones 44, 45 y 46), posteriormente digitar 9 y al final la extensi\u00f3n 4006; tambi\u00e9n pueden ingresar a la p\u00e1gina www.dif.naucalpan.gob.mx.<\/p>\n","protected":false},"excerpt":{"rendered":"<p>En apoyo a las madres trabajadoras y a los naucalpenses en general, el Sistema Municipal&#8230;<\/p>\n","protected":false},"author":1,"featured_media":13660,"comment_status":"closed","ping_status":"closed","sticky":false,"template":"","format":"standard","meta":{"footnotes":""},"categories":[45],"tags":[],"class_list":["post-13659","post","type-post","status-publish","format-standard","has-post-thumbnail","hentry","category-atizapan-de-zaragoza"],"_links":{"self":[{"href":"https:\/\/www.notiflashmexiquense.com.mx\/index.php?rest_route=\/wp\/v2\/posts\/13659","targetHints":{"allow":["GET"]}}],"collection":[{"href":"https:\/\/www.notiflashmexiquense.com.mx\/index.php?rest_route=\/wp\/v2\/posts"}],"about":[{"href":"https:\/\/www.notiflashmexiquense.com.mx\/index.php?rest_route=\/wp\/v2\/types\/post"}],"author":[{"embeddable":true,"href":"https:\/\/www.notiflashmexiquense.com.mx\/index.php?rest_route=\/wp\/v2\/users\/1"}],"replies":[{"embeddable":true,"href":"https:\/\/www.notiflashmexiquense.com.mx\/index.php?rest_route=%2Fwp%2Fv2%2Fcomments&post=13659"}],"version-history":[{"count":1,"href":"https:\/\/www.notiflashmexiquense.com.mx\/index.php?rest_route=\/wp\/v2\/posts\/13659\/revisions"}],"predecessor-version":[{"id":13661,"href":"https:\/\/www.notiflashmexiquense.com.mx\/index.php?rest_route=\/wp\/v2\/posts\/13659\/revisions\/13661"}],"wp:featuredmedia":[{"embeddable":true,"href":"https:\/\/www.notiflashmexiquense.com.mx\/index.php?rest_route=\/wp\/v2\/media\/13660"}],"wp:attachment":[{"href":"https:\/\/www.notiflashmexiquense.com.mx\/index.php?rest_route=%2Fwp%2Fv2%2Fmedia&parent=13659"}],"wp:term":[{"taxonomy":"category","embeddable":true,"href":"https:\/\/www.notiflashmexiquense.com.mx\/index.php?rest_route=%2Fwp%2Fv2%2Fcategories&post=13659"},{"taxonomy":"post_tag","embeddable":true,"href":"https:\/\/www.notiflashmexiquense.com.mx\/index.php?rest_route=%2Fwp%2Fv2%2Ftags&post=13659"}],"curies":[{"name":"wp","href":"https:\/\/api.w.org\/{rel}","templated":true}]}}