{"id":13656,"date":"2023-08-11T22:16:15","date_gmt":"2023-08-11T22:16:15","guid":{"rendered":"https:\/\/www.notiflashmexiquense.com.mx\/?p=13656"},"modified":"2023-08-11T22:16:16","modified_gmt":"2023-08-11T22:16:16","slug":"fiscalia-estatal-capacita-a-funcionarios-de-atizapan-de-zaragoza-para-identificar-posibles-casos-de-trata-de-personas","status":"publish","type":"post","link":"https:\/\/www.notiflashmexiquense.com.mx\/?p=13656","title":{"rendered":"FISCAL\u00cdA ESTATAL CAPACITA A FUNCIONARIOS DE ATIZAP\u00c1N DE ZARAGOZA PARA IDENTIFICAR POSIBLES CASOS DE TRATA DE PERSONAS"},"content":{"rendered":"\n<p><em>Lanza Gobierno atizapense la campa\u00f1a \u201cAtizap\u00e1n es Diferente sin Trata\u201d, para brindar herramientas que combatan este delito, con la ayuda de convenios de colaboraci\u00f3n, capacitaciones y recursos digitales<\/em><\/p>\n\n\n\n<p>Un centenar de funcionarios del Gobierno de Atizap\u00e1n de Zaragoza recibieron capacitaci\u00f3n por parte de la Fiscal\u00eda Especializada en Trata de Personas, adscrita a la Fiscal\u00eda General de Justicia del Estado de M\u00e9xico, para identificar los diferentes tipos de trata que afectan principalmente a mujeres, ni\u00f1as y ni\u00f1os.<\/p>\n\n\n\n<p>En la capacitaci\u00f3n convocada por el Sistema Municipal DIF de Atizap\u00e1n de Zaragoza, que dirige la Presidenta Honoraria, Patricia Ar\u00e9valo Rubio, el Director de este organismo, Rodrigo S\u00e1nchez de la Pe\u00f1a, estableci\u00f3 que para el Gobierno del Presidente Municipal, Pedro Rodr\u00edguez Villegas, es de suma importancia acercar la justicia a aquellas personas que son v\u00edctimas de este delito.<\/p>\n\n\n\n<p>\u201cNos preocupa saber que el Instituto Nacional de Estad\u00edstica y Geograf\u00eda (INEGI), indica que existen 21.2 millones de personas de 18 a\u00f1os y m\u00e1s que fueron v\u00edctimas de trata en M\u00e9xico. Nos ocupa sensibilizar a quienes pueden hacer la diferencia en t\u00e9rminos de cambio de pol\u00edticas y primeros respondientes\u201d, expres\u00f3 S\u00e1nchez de la Pe\u00f1a.<\/p>\n\n\n\n<p>Agreg\u00f3 que el Gobierno de Atizap\u00e1n de Zaragoza, a trav\u00e9s del Sistema Municipal DIF lanza la campa\u00f1a de concientizaci\u00f3n \u201cAtizap\u00e1n es Diferente sin Trata\u201d, la cual consta de tres fases de implementaci\u00f3n. La primera, la firma de convenio de colaboraci\u00f3n con la Asociaci\u00f3n Civil \u201cSin Trata\u201d, que se celebr\u00f3 el pasado 1 de agosto; capacitaci\u00f3n a servidoras y servidores p\u00fablicos y tambi\u00e9n una campa\u00f1a digital.<\/p>\n\n\n\n<p>\u201cSe pondr\u00e1 en marcha la campa\u00f1a digital &#8216;Atizap\u00e1n Conecta Seguro&#8217;, donde se publicar\u00e1n n\u00fameros de emergencia, infograf\u00edas y en colaboraci\u00f3n con Asociaci\u00f3n SinTrata, un chatbot. En este sitio, se contar\u00e1n con herramientas de prevenci\u00f3n, canales de ayuda y reporte\u201d, destac\u00f3 el Director del DIF Municipal.<\/p>\n\n\n\n<p>Montserrat Gonz\u00e1lez Ram\u00edrez, Agente del Ministerio P\u00fablico de la Fiscal\u00eda de Trata de Personas del Gobierno del Estado de M\u00e9xico, se\u00f1al\u00f3 que la ley contempla como trata, toda aquella acci\u00f3n u omisi\u00f3n dolosa de una o varias personas para captar, enganchar, transportar, transferir, retener, entregar, recibir o alojar a una o varias personas con fines de explotaci\u00f3n.<\/p>\n\n\n\n<p>En su exposici\u00f3n, dio observaciones para atender a v\u00edctimas de trata y mencion\u00f3 que existen 11 diferentes tipos de modalidades como la esclavitud, prostituci\u00f3n, explotaci\u00f3n laboral, mendicidad, trabajo o servicio forzado, entre otras.<\/p>\n\n\n\n<p>Tambi\u00e9n dijo que en caso de presentar una denuncia, se pone a disposici\u00f3n los correos electr\u00f3nicos personas@edomex.gob.mx y cerotolerancia@edomex.gob.mx de igual forma los n\u00fameros telef\u00f3nicos 722 167 3236 ; 55 58 68 12 01 y el 55 55 33 55 33<\/p>\n\n\n\n<p>A la capacitaci\u00f3n tambi\u00e9n asistieron Brenda Mart\u00ednez Bautista, Directora de la Juventud; Eleazar Gonz\u00e1lez Ordo\u00f1ez, Director de Educaci\u00f3n; Diana Stephany L\u00f3pez Gonz\u00e1lez, Defensora Municipal de Derechos Humanos, y Adela V\u00e1zquez Mart\u00ednez, Procuradora Municipal de Protecci\u00f3n de Ni\u00f1as, Ni\u00f1os y Adolescentes del DIF Atizap\u00e1n de Zaragoza.<\/p>\n","protected":false},"excerpt":{"rendered":"<p>Lanza Gobierno atizapense la campa&ntilde;a &ldquo;Atizap&aacute;n es Diferente sin Trata&rdquo;, para brindar herramientas que combatan&#8230;<\/p>\n","protected":false},"author":1,"featured_media":13657,"comment_status":"closed","ping_status":"closed","sticky":false,"template":"","format":"standard","meta":{"footnotes":""},"categories":[45],"tags":[],"class_list":["post-13656","post","type-post","status-publish","format-standard","has-post-thumbnail","hentry","category-atizapan-de-zaragoza"],"_links":{"self":[{"href":"https:\/\/www.notiflashmexiquense.com.mx\/index.php?rest_route=\/wp\/v2\/posts\/13656","targetHints":{"allow":["GET"]}}],"collection":[{"href":"https:\/\/www.notiflashmexiquense.com.mx\/index.php?rest_route=\/wp\/v2\/posts"}],"about":[{"href":"https:\/\/www.notiflashmexiquense.com.mx\/index.php?rest_route=\/wp\/v2\/types\/post"}],"author":[{"embeddable":true,"href":"https:\/\/www.notiflashmexiquense.com.mx\/index.php?rest_route=\/wp\/v2\/users\/1"}],"replies":[{"embeddable":true,"href":"https:\/\/www.notiflashmexiquense.com.mx\/index.php?rest_route=%2Fwp%2Fv2%2Fcomments&post=13656"}],"version-history":[{"count":1,"href":"https:\/\/www.notiflashmexiquense.com.mx\/index.php?rest_route=\/wp\/v2\/posts\/13656\/revisions"}],"predecessor-version":[{"id":13658,"href":"https:\/\/www.notiflashmexiquense.com.mx\/index.php?rest_route=\/wp\/v2\/posts\/13656\/revisions\/13658"}],"wp:featuredmedia":[{"embeddable":true,"href":"https:\/\/www.notiflashmexiquense.com.mx\/index.php?rest_route=\/wp\/v2\/media\/13657"}],"wp:attachment":[{"href":"https:\/\/www.notiflashmexiquense.com.mx\/index.php?rest_route=%2Fwp%2Fv2%2Fmedia&parent=13656"}],"wp:term":[{"taxonomy":"category","embeddable":true,"href":"https:\/\/www.notiflashmexiquense.com.mx\/index.php?rest_route=%2Fwp%2Fv2%2Fcategories&post=13656"},{"taxonomy":"post_tag","embeddable":true,"href":"https:\/\/www.notiflashmexiquense.com.mx\/index.php?rest_route=%2Fwp%2Fv2%2Ftags&post=13656"}],"curies":[{"name":"wp","href":"https:\/\/api.w.org\/{rel}","templated":true}]}}