{"id":13429,"date":"2023-07-20T00:44:35","date_gmt":"2023-07-20T00:44:35","guid":{"rendered":"https:\/\/www.notiflashmexiquense.com.mx\/?p=13429"},"modified":"2023-07-20T00:44:35","modified_gmt":"2023-07-20T00:44:35","slug":"delfina-gomez-gobernadora-electa-del-estado-de-mexico-aborda-temas-de-salud-en-segunda-reunion-de-transicion","status":"publish","type":"post","link":"https:\/\/www.notiflashmexiquense.com.mx\/?p=13429","title":{"rendered":"Delfina G\u00f3mez, Gobernadora Electa del Estado de M\u00e9xico, aborda temas de salud en segunda reuni\u00f3n de transici\u00f3n"},"content":{"rendered":"\n<p>TOLUCA, Estado de M\u00e9xico.- La Gobernadora Electa del Estado de M\u00e9xico, Delfina G\u00f3mez \u00c1lvarez, y el Gobernador Constitucional, Alfredo Del Mazo Maza, continuaron este mi\u00e9rcoles con las reuniones de transici\u00f3n del Gobierno del Estado de M\u00e9xico, donde abordaron el tema de la salud.<\/p>\n\n\n\n<p>En la segunda reuni\u00f3n celebrada en el Palacio de Gobierno en Toluca, los equipos de transici\u00f3n revisaron el estado que guarda la Salud P\u00fablica de la entidad, as\u00ed como las \u00e1reas que atienden temas relacionados.<\/p>\n\n\n\n<p>\u201cLa salud es un derecho fundamental al que todos los mexiquenses deben tener acceso. Revisamos cada rubro de la Salud P\u00fablica del Estado de M\u00e9xico con el objetivo de enfocar las acciones de Gobierno a brindar una atenci\u00f3n m\u00e9dica integral y de calidad\u201d, asegur\u00f3 la Gobernadora Electa, Delfina G\u00f3mez.<\/p>\n\n\n\n<p>En la mesa de trabajo se tocaron temas como las estrategias para prevenir enfermedades, la planificaci\u00f3n y gesti\u00f3n de los servicios del Sistema de Salud Estatal. De igual forma, el estado en que se encuentra el Instituto de Seguridad Social del Estado de M\u00e9xico y Municipios (ISSEMyM).<\/p>\n\n\n\n<p>Asistieron del equipo de la Gobernadora Electa, Delfina G\u00f3mez: Horacio Duarte Olivares, Coordinador de la Transici\u00f3n; Higinio Mart\u00ednez Miranda, Delegado Especial de MORENA para el Proceso Electoral en el Estado de M\u00e9xico, y Jorge Armando Barriguete Mel\u00e9ndez, investigador y acad\u00e9mico experto en temas de salud.<\/p>\n\n\n\n<p>Por parte del equipo del Gobernador Constitucional, Alfredo Del Mazo: Luis Felipe Puente Espinoza, Secretario General de Gobierno; Francisco J. Fern\u00e1ndez Clamont, Secretario de Salud; Rodrigo Jarque Lira, Secretario de Finanzas; Rodrigo Espeleta Alondro, Secretario de Justicia y Derechos Humanos, y Arturo Lozano Enr\u00edquez, Director General del ISSEMyM.<\/p>\n","protected":false},"excerpt":{"rendered":"<p>TOLUCA, Estado de M&eacute;xico.- La Gobernadora Electa del Estado de M&eacute;xico, Delfina G&oacute;mez &Aacute;lvarez, y&#8230;<\/p>\n","protected":false},"author":1,"featured_media":13430,"comment_status":"closed","ping_status":"closed","sticky":false,"template":"","format":"standard","meta":{"footnotes":""},"categories":[69],"tags":[],"class_list":["post-13429","post","type-post","status-publish","format-standard","has-post-thumbnail","hentry","category-gobierno-del-estado-de-mexico"],"_links":{"self":[{"href":"https:\/\/www.notiflashmexiquense.com.mx\/index.php?rest_route=\/wp\/v2\/posts\/13429","targetHints":{"allow":["GET"]}}],"collection":[{"href":"https:\/\/www.notiflashmexiquense.com.mx\/index.php?rest_route=\/wp\/v2\/posts"}],"about":[{"href":"https:\/\/www.notiflashmexiquense.com.mx\/index.php?rest_route=\/wp\/v2\/types\/post"}],"author":[{"embeddable":true,"href":"https:\/\/www.notiflashmexiquense.com.mx\/index.php?rest_route=\/wp\/v2\/users\/1"}],"replies":[{"embeddable":true,"href":"https:\/\/www.notiflashmexiquense.com.mx\/index.php?rest_route=%2Fwp%2Fv2%2Fcomments&post=13429"}],"version-history":[{"count":1,"href":"https:\/\/www.notiflashmexiquense.com.mx\/index.php?rest_route=\/wp\/v2\/posts\/13429\/revisions"}],"predecessor-version":[{"id":13431,"href":"https:\/\/www.notiflashmexiquense.com.mx\/index.php?rest_route=\/wp\/v2\/posts\/13429\/revisions\/13431"}],"wp:featuredmedia":[{"embeddable":true,"href":"https:\/\/www.notiflashmexiquense.com.mx\/index.php?rest_route=\/wp\/v2\/media\/13430"}],"wp:attachment":[{"href":"https:\/\/www.notiflashmexiquense.com.mx\/index.php?rest_route=%2Fwp%2Fv2%2Fmedia&parent=13429"}],"wp:term":[{"taxonomy":"category","embeddable":true,"href":"https:\/\/www.notiflashmexiquense.com.mx\/index.php?rest_route=%2Fwp%2Fv2%2Fcategories&post=13429"},{"taxonomy":"post_tag","embeddable":true,"href":"https:\/\/www.notiflashmexiquense.com.mx\/index.php?rest_route=%2Fwp%2Fv2%2Ftags&post=13429"}],"curies":[{"name":"wp","href":"https:\/\/api.w.org\/{rel}","templated":true}]}}