{"id":13147,"date":"2023-06-23T19:15:07","date_gmt":"2023-06-23T19:15:07","guid":{"rendered":"https:\/\/www.notiflashmexiquense.com.mx\/?p=13147"},"modified":"2023-06-23T20:04:45","modified_gmt":"2023-06-23T20:04:45","slug":"policia-de-naucalpan-aplica-medidas-de-proteccion-a-mujer-agredida-en-parque","status":"publish","type":"post","link":"https:\/\/www.notiflashmexiquense.com.mx\/?p=13147","title":{"rendered":"POLIC\u00cdA DE NAUCALPAN APLICA MEDIDAS DE PROTECCI\u00d3N A MUJER AGREDIDA EN PARQUE"},"content":{"rendered":"\n<p>Polic\u00edas municipales de Naucalpan aplican medidas de protecci\u00f3n a una mujer que fue agredida por un hombre en el Parque 5 de Mayo, ubicado sobre avenida Ahuehuetes en el fraccionamiento Lomas de San Mateo.<\/p>\n\n\n\n<p>El director General de Seguridad Ciudadana y Movilidad Segura, Pablo Francisco Rosas Olmos, inform\u00f3 que la v\u00edctima de identidad reservada present\u00f3 una denuncia ante la Fiscal\u00eda General de Justicia del Estado de M\u00e9xico por estos hechos, que fueron difundidos a trav\u00e9s de un video en redes sociales.<\/p>\n\n\n\n<p>Explic\u00f3 que el Agente del Ministerio P\u00fablico le dirigi\u00f3 un oficio en el que se le solicit\u00f3 aplicar estas medidas en favor de la mujer agredida.<\/p>\n\n\n\n<p>Rosas Olmos se\u00f1al\u00f3 que lo anterior es necesario para la debida integraci\u00f3n de la carpeta de investigaci\u00f3n en contra de Alonso &#8216;N&#8217; por \u00abel hecho delictuoso de lesiones, disparo de arma de fuego y ataque peligroso\u00bb, de acuerdo con lo que se\u00f1ala el oficio.<\/p>\n\n\n\n<p>El gobierno de Naucalpan reitera su compromiso de prevenir, combatir y sancionar la violencia en contra de las mujeres, para lo cual se ha fortalecido a la Polic\u00eda de G\u00e9nero y al Instituto de las Mujeres Naucalpenses y la Igualdad Sustantiva.<\/p>\n","protected":false},"excerpt":{"rendered":"<p>Polic&iacute;as municipales de Naucalpan aplican medidas de protecci&oacute;n a una mujer que fue agredida por&#8230;<\/p>\n","protected":false},"author":1,"featured_media":13150,"comment_status":"closed","ping_status":"closed","sticky":false,"template":"","format":"standard","meta":{"footnotes":""},"categories":[45],"tags":[],"class_list":["post-13147","post","type-post","status-publish","format-standard","has-post-thumbnail","hentry","category-atizapan-de-zaragoza"],"_links":{"self":[{"href":"https:\/\/www.notiflashmexiquense.com.mx\/index.php?rest_route=\/wp\/v2\/posts\/13147","targetHints":{"allow":["GET"]}}],"collection":[{"href":"https:\/\/www.notiflashmexiquense.com.mx\/index.php?rest_route=\/wp\/v2\/posts"}],"about":[{"href":"https:\/\/www.notiflashmexiquense.com.mx\/index.php?rest_route=\/wp\/v2\/types\/post"}],"author":[{"embeddable":true,"href":"https:\/\/www.notiflashmexiquense.com.mx\/index.php?rest_route=\/wp\/v2\/users\/1"}],"replies":[{"embeddable":true,"href":"https:\/\/www.notiflashmexiquense.com.mx\/index.php?rest_route=%2Fwp%2Fv2%2Fcomments&post=13147"}],"version-history":[{"count":1,"href":"https:\/\/www.notiflashmexiquense.com.mx\/index.php?rest_route=\/wp\/v2\/posts\/13147\/revisions"}],"predecessor-version":[{"id":13149,"href":"https:\/\/www.notiflashmexiquense.com.mx\/index.php?rest_route=\/wp\/v2\/posts\/13147\/revisions\/13149"}],"wp:featuredmedia":[{"embeddable":true,"href":"https:\/\/www.notiflashmexiquense.com.mx\/index.php?rest_route=\/wp\/v2\/media\/13150"}],"wp:attachment":[{"href":"https:\/\/www.notiflashmexiquense.com.mx\/index.php?rest_route=%2Fwp%2Fv2%2Fmedia&parent=13147"}],"wp:term":[{"taxonomy":"category","embeddable":true,"href":"https:\/\/www.notiflashmexiquense.com.mx\/index.php?rest_route=%2Fwp%2Fv2%2Fcategories&post=13147"},{"taxonomy":"post_tag","embeddable":true,"href":"https:\/\/www.notiflashmexiquense.com.mx\/index.php?rest_route=%2Fwp%2Fv2%2Ftags&post=13147"}],"curies":[{"name":"wp","href":"https:\/\/api.w.org\/{rel}","templated":true}]}}