{"id":13144,"date":"2023-06-23T00:14:38","date_gmt":"2023-06-23T00:14:38","guid":{"rendered":"https:\/\/www.notiflashmexiquense.com.mx\/?p=13144"},"modified":"2023-06-23T00:14:39","modified_gmt":"2023-06-23T00:14:39","slug":"participan-deportistas-destacados-en-cabildo-abierto-de-naucalpan","status":"publish","type":"post","link":"https:\/\/www.notiflashmexiquense.com.mx\/?p=13144","title":{"rendered":"PARTICIPAN DEPORTISTAS DESTACADOS EN CABILDO ABIERTO DE NAUCALPAN"},"content":{"rendered":"\n<p>Deportistas naucalpenses de talla nacional y mundial se subieron este jueves al podium de la Novena Sesi\u00f3n de Cabildo Abierto del Ayuntamiento de Naucalpan para exponer sus experiencias y propuestas a fin de fortalecer e impulsar el deporte en el municipio.<\/p>\n\n\n\n<p>Los integrantes del ayuntamiento reconocieron la trayectoria y la participaci\u00f3n en este cabildo de la karateca medallista de oro y plata en el Torneo Panamericano WKC 2023, Mar\u00eda de Lourdes Iliana Rojas Ahedo; el marchista Carlos Mercenario Arsof; el ganador de bronce en boxeo 2013, Jes\u00fas Gonz\u00e1lez Escobar; el multimedallista nacional de tiro con arco, David Isaak Castillo; y el profesor de activaci\u00f3n f\u00edsica Juan Manuel Hern\u00e1ndez Castro.<\/p>\n\n\n\n<p>Tras la participaci\u00f3n de los atletas con el tema \u2018El deporte en Naucalpan: tradici\u00f3n, fomento y futuro\u2019, la alcaldesa Ang\u00e9lica Moya Mar\u00edn asegur\u00f3 que su gobierno tiene la mejor disposici\u00f3n de contribuir para fortalecer el deporte a fin de proteger la salud y reconstruir el tejido social en la localidad, porque \u201cmediante el di\u00e1logo, el \u00e1nimo de construir y ver hacia adelante, se lograr\u00e1n cosas importantes. Gracias por estar aqu\u00ed\u201d.<\/p>\n\n\n\n<p>Mar\u00eda de Lourdes Iliana Rojas Ahedo (quien puso en alto a Naucalpan al lograr su pase al Campeonato Mundial WKC que se realizar\u00e1 en octubre en Orlando, Florida) pidi\u00f3 a los ediles impulsar pol\u00edticas p\u00fablicas que apoyen a los deportistas. \u201cEn sus actividades como regidores no dejen de lado proyectos que incluyan acciones y apoyos a favor de ellos, que no se queden como deportistas de sal\u00f3n, sino de fronteras y gloria\u201d, apunt\u00f3 la vecina de Boulevares.<\/p>\n\n\n\n<p>El entrenador de box de la colonia San Jos\u00e9 R\u00edo Hondo, Jes\u00fas Gonz\u00e1lez Escobar, \u2018Chuy Gonz\u00e1lez\u2019, relat\u00f3 c\u00f3mo hace a\u00f1os inici\u00f3 a entrenar j\u00f3venes con un costal colgado de una porter\u00eda de su comunidad, pero \u201cpoco a poco nos hicimos de equipo profesional y de repente tuvimos 100 alumnos con cuota voluntaria. Es necesario que todos nos pongamos los guantes porque una vida sana se gana trabajando y luchando\u201d.<\/p>\n\n\n\n<p>El profesor Juan Hern\u00e1ndez Castro, de Ciudad Sat\u00e9lite, abog\u00f3 para que los entrenadores f\u00edsicos se conviertan en l\u00edderes positivos para guiar con pasi\u00f3n, entrega, perseverancia y sobre todo, de manera did\u00e1ctica y divertida, a quienes gustan del deporte.<\/p>\n\n\n\n<p>Por su parte, el vecino de Los Pastores, David Isaak, seleccionado nacional de tiro con arco 2022 y Juegos Nacionales CONADE 2023, as\u00ed como el marchista Carlos Mercenario Arsof, de Ciudad Sat\u00e9lite e hijo del medallista de plata en Barcelona 92, Carlos Mercenario Carbajal, comentaron la necesidad de rehabilitar instalaciones deportivas y apoyar con becas.<\/p>\n\n\n\n<p>Finalmente, los invitados agradecieron al Instituto Municipal de Cultura F\u00edsica y Deporte de Naucalpan los apoyos econ\u00f3micos y equipo brindados, adem\u00e1s de la colaboraci\u00f3n en la organizaci\u00f3n de eventos, en su trayectoria profesional y para fomentar el deporte, la salud y el bienestar de los habitantes de la demarcaci\u00f3n.<\/p>\n\n\n\n<p>Durante la Sexag\u00e9sima Sexta Sesi\u00f3n Ordinaria tambi\u00e9n fue aprobado por unanimidad el Acuerdo con car\u00e1cter de Reglamento de Archivo y Administraci\u00f3n de Documentos del municipio.<\/p>\n","protected":false},"excerpt":{"rendered":"<p>Deportistas naucalpenses de talla nacional y mundial se subieron este jueves al podium de la&#8230;<\/p>\n","protected":false},"author":1,"featured_media":13145,"comment_status":"closed","ping_status":"closed","sticky":false,"template":"","format":"standard","meta":{"footnotes":""},"categories":[45],"tags":[],"class_list":["post-13144","post","type-post","status-publish","format-standard","has-post-thumbnail","hentry","category-atizapan-de-zaragoza"],"_links":{"self":[{"href":"https:\/\/www.notiflashmexiquense.com.mx\/index.php?rest_route=\/wp\/v2\/posts\/13144","targetHints":{"allow":["GET"]}}],"collection":[{"href":"https:\/\/www.notiflashmexiquense.com.mx\/index.php?rest_route=\/wp\/v2\/posts"}],"about":[{"href":"https:\/\/www.notiflashmexiquense.com.mx\/index.php?rest_route=\/wp\/v2\/types\/post"}],"author":[{"embeddable":true,"href":"https:\/\/www.notiflashmexiquense.com.mx\/index.php?rest_route=\/wp\/v2\/users\/1"}],"replies":[{"embeddable":true,"href":"https:\/\/www.notiflashmexiquense.com.mx\/index.php?rest_route=%2Fwp%2Fv2%2Fcomments&post=13144"}],"version-history":[{"count":1,"href":"https:\/\/www.notiflashmexiquense.com.mx\/index.php?rest_route=\/wp\/v2\/posts\/13144\/revisions"}],"predecessor-version":[{"id":13146,"href":"https:\/\/www.notiflashmexiquense.com.mx\/index.php?rest_route=\/wp\/v2\/posts\/13144\/revisions\/13146"}],"wp:featuredmedia":[{"embeddable":true,"href":"https:\/\/www.notiflashmexiquense.com.mx\/index.php?rest_route=\/wp\/v2\/media\/13145"}],"wp:attachment":[{"href":"https:\/\/www.notiflashmexiquense.com.mx\/index.php?rest_route=%2Fwp%2Fv2%2Fmedia&parent=13144"}],"wp:term":[{"taxonomy":"category","embeddable":true,"href":"https:\/\/www.notiflashmexiquense.com.mx\/index.php?rest_route=%2Fwp%2Fv2%2Fcategories&post=13144"},{"taxonomy":"post_tag","embeddable":true,"href":"https:\/\/www.notiflashmexiquense.com.mx\/index.php?rest_route=%2Fwp%2Fv2%2Ftags&post=13144"}],"curies":[{"name":"wp","href":"https:\/\/api.w.org\/{rel}","templated":true}]}}