{"id":13121,"date":"2023-06-21T04:37:00","date_gmt":"2023-06-21T04:37:00","guid":{"rendered":"https:\/\/www.notiflashmexiquense.com.mx\/?p=13121"},"modified":"2023-06-21T04:37:01","modified_gmt":"2023-06-21T04:37:01","slug":"se-reune-delfina-gomez-con-pedro-zenteno-director-general-del-issste-acuerdan-trabajar-por-la-salud-en-el-estado-de-mexico","status":"publish","type":"post","link":"https:\/\/www.notiflashmexiquense.com.mx\/?p=13121","title":{"rendered":"Se re\u00fane Delfina G\u00f3mez con Pedro Zenteno, Director General del ISSSTE; acuerdan trabajar por la salud en el Estado de M\u00e9xico"},"content":{"rendered":"\n<p>Ciudad de M\u00e9xico.- La maestra Delfina G\u00f3mez, virtual gobernadora del Estado de M\u00e9xico, sostuvo una reuni\u00f3n con el doctor Pedro Zenteno, Director General del ISSSTE, en la que acordaron trabajar en coordinaci\u00f3n por la salud de las, les y los mexiquenses derechohabientes.<\/p>\n\n\n\n<p>En dicho encuentro destac\u00f3 la disposici\u00f3n institucional para trabajar en mejorar los servicios de salud y la atenci\u00f3n m\u00e9dica en el Estado de M\u00e9xico, revisando los recursos que se destinan tanto en insumos como en capital humano.<\/p>\n\n\n\n<p>\u201cEstamos enfocados con experiencia y capacidad en la integraci\u00f3n del Plan de Gobierno para implementar de inmediato la transformaci\u00f3n en el Estado de M\u00e9xico. Hoy me reun\u00ed con nuestro compa\u00f1ero el doctor Pedro Zenteno, Director General del ISSSTE, para revisar el tema de salud y seguridad social de las, les y los trabajadores del estado. \u00a1Trabajamos en equipo por el Estado de M\u00e9xico!\u201d, se\u00f1al\u00f3 la maestra Delfina G\u00f3mez.<\/p>\n\n\n\n<p>El doctor Pedro Zenteno reiter\u00f3 a la maestra Delfina G\u00f3mez, virtual gobernadora del Estado de M\u00e9xico, el compromiso del Gobierno Federal para atender las necesidades de la poblaci\u00f3n mexiquense en materia de salud p\u00fablica.<\/p>\n","protected":false},"excerpt":{"rendered":"<p>Ciudad de M&eacute;xico.- La maestra Delfina G&oacute;mez, virtual gobernadora del Estado de M&eacute;xico, sostuvo una&#8230;<\/p>\n","protected":false},"author":1,"featured_media":13122,"comment_status":"closed","ping_status":"closed","sticky":false,"template":"","format":"standard","meta":{"footnotes":""},"categories":[69],"tags":[],"class_list":["post-13121","post","type-post","status-publish","format-standard","has-post-thumbnail","hentry","category-gobierno-del-estado-de-mexico"],"_links":{"self":[{"href":"https:\/\/www.notiflashmexiquense.com.mx\/index.php?rest_route=\/wp\/v2\/posts\/13121","targetHints":{"allow":["GET"]}}],"collection":[{"href":"https:\/\/www.notiflashmexiquense.com.mx\/index.php?rest_route=\/wp\/v2\/posts"}],"about":[{"href":"https:\/\/www.notiflashmexiquense.com.mx\/index.php?rest_route=\/wp\/v2\/types\/post"}],"author":[{"embeddable":true,"href":"https:\/\/www.notiflashmexiquense.com.mx\/index.php?rest_route=\/wp\/v2\/users\/1"}],"replies":[{"embeddable":true,"href":"https:\/\/www.notiflashmexiquense.com.mx\/index.php?rest_route=%2Fwp%2Fv2%2Fcomments&post=13121"}],"version-history":[{"count":1,"href":"https:\/\/www.notiflashmexiquense.com.mx\/index.php?rest_route=\/wp\/v2\/posts\/13121\/revisions"}],"predecessor-version":[{"id":13123,"href":"https:\/\/www.notiflashmexiquense.com.mx\/index.php?rest_route=\/wp\/v2\/posts\/13121\/revisions\/13123"}],"wp:featuredmedia":[{"embeddable":true,"href":"https:\/\/www.notiflashmexiquense.com.mx\/index.php?rest_route=\/wp\/v2\/media\/13122"}],"wp:attachment":[{"href":"https:\/\/www.notiflashmexiquense.com.mx\/index.php?rest_route=%2Fwp%2Fv2%2Fmedia&parent=13121"}],"wp:term":[{"taxonomy":"category","embeddable":true,"href":"https:\/\/www.notiflashmexiquense.com.mx\/index.php?rest_route=%2Fwp%2Fv2%2Fcategories&post=13121"},{"taxonomy":"post_tag","embeddable":true,"href":"https:\/\/www.notiflashmexiquense.com.mx\/index.php?rest_route=%2Fwp%2Fv2%2Ftags&post=13121"}],"curies":[{"name":"wp","href":"https:\/\/api.w.org\/{rel}","templated":true}]}}