{"id":13109,"date":"2023-06-20T00:33:47","date_gmt":"2023-06-20T00:33:47","guid":{"rendered":"https:\/\/www.notiflashmexiquense.com.mx\/?p=13109"},"modified":"2023-06-20T00:33:48","modified_gmt":"2023-06-20T00:33:48","slug":"policias-de-naucalpan-detienen-a-4-sujetos-por-agredir-a-2-valets-parking-de-la-polar","status":"publish","type":"post","link":"https:\/\/www.notiflashmexiquense.com.mx\/?p=13109","title":{"rendered":"POLIC\u00cdAS DE NAUCALPAN DETIENEN A 4 SUJETOS POR AGREDIR A 2 VALETS PARKING DE \u2018LA POLAR\u2019"},"content":{"rendered":"\n<p>Polic\u00edas de Naucalpan detuvieron a cuatro hombres que al parecer golpearon y lesionaron a dos valets parking del restaurante \u2018La Polar\u2019, ubicado en Ciudad Sat\u00e9lite, uno de los cuales requiri\u00f3 ser trasladado a un hospital para su atenci\u00f3n m\u00e9dica por una lesi\u00f3n en el ojo.<\/p>\n\n\n\n<p>Elementos de la Direcci\u00f3n General de Seguridad Ciudadana y Movilidad Segura de Naucalpan patrullaban Perif\u00e9rico cuando a la altura de Ciudad Sat\u00e9lite se percataron que una camioneta Dodge Durango color vino y un Volkswagen Bora blanco ingresaron al estacionamiento de dicho restaurante.<\/p>\n\n\n\n<p>De los dos veh\u00edculos descendieron cuatro sujetos que pelearon con los dos valets parking, por lo que los polic\u00edas municipales pidieron apoyo de m\u00e1s elementos para detener a los supuestos agresores, adem\u00e1s de solicitar la presencia de param\u00e9dicos de la Coordinaci\u00f3n Municipal de Protecci\u00f3n Civil y Bomberos para atender a los lesionados.<\/p>\n\n\n\n<p>Una de las v\u00edctimas fue trasladado a un hospital particular ubicado en Atizap\u00e1n de Zaragoza donde fue internado para atender una lesi\u00f3n ocular, en tanto uno de los detenidos igualmente presentaba lesiones y fue llevado al Hospital de Traumatolog\u00eda de Lomas Verdes del IMSS, donde fue valorado y atendido, sin requerir hospitalizaci\u00f3n.<\/p>\n\n\n\n<p>Luis Fernando \u2018N\u2019, Roberto Carlos \u2018N\u2019, Jorge Luis \u2018N\u2019 y Cristian \u2018N\u2019, fueron trasladados al Ministerio P\u00fablico, que inici\u00f3 una carpeta de investigaci\u00f3n por su probable participaci\u00f3n en el delito de lesiones.<\/p>\n\n\n\n<p>En otro asunto, polic\u00edas de Naucalpan presentaron ante el Ministerio P\u00fablico a dos sujetos que supuestamente armados con cuchillos amagaron y despojaron de dinero al conductor de un autob\u00fas del transporte p\u00fablico que circulaba por Perif\u00e9rico, a la altura de Ciudad Sat\u00e9lite.<\/p>\n\n\n\n<p>Jovany \u2018N\u2019, de 25 a\u00f1os de edad, y \u00d3scar \u2018N\u2019, de 41 a\u00f1os, fueron retenidos por los pasajeros hasta que las unidades de seguridad arribaron al lugar, donde los aprehendieron y trasladaron a la Fiscal\u00eda Especializada en Delitos Cometidos contra el Transporte, como probables responsables de \u201crobo cometido en medios de transporte p\u00fablico de pasajeros y se utilice en su ejecuci\u00f3n la violencia\u201d.<\/p>\n","protected":false},"excerpt":{"rendered":"<p>Polic&iacute;as de Naucalpan detuvieron a cuatro hombres que al parecer golpearon y lesionaron a dos&#8230;<\/p>\n","protected":false},"author":1,"featured_media":13110,"comment_status":"closed","ping_status":"closed","sticky":false,"template":"","format":"standard","meta":{"footnotes":""},"categories":[45],"tags":[],"class_list":["post-13109","post","type-post","status-publish","format-standard","has-post-thumbnail","hentry","category-atizapan-de-zaragoza"],"_links":{"self":[{"href":"https:\/\/www.notiflashmexiquense.com.mx\/index.php?rest_route=\/wp\/v2\/posts\/13109","targetHints":{"allow":["GET"]}}],"collection":[{"href":"https:\/\/www.notiflashmexiquense.com.mx\/index.php?rest_route=\/wp\/v2\/posts"}],"about":[{"href":"https:\/\/www.notiflashmexiquense.com.mx\/index.php?rest_route=\/wp\/v2\/types\/post"}],"author":[{"embeddable":true,"href":"https:\/\/www.notiflashmexiquense.com.mx\/index.php?rest_route=\/wp\/v2\/users\/1"}],"replies":[{"embeddable":true,"href":"https:\/\/www.notiflashmexiquense.com.mx\/index.php?rest_route=%2Fwp%2Fv2%2Fcomments&post=13109"}],"version-history":[{"count":1,"href":"https:\/\/www.notiflashmexiquense.com.mx\/index.php?rest_route=\/wp\/v2\/posts\/13109\/revisions"}],"predecessor-version":[{"id":13111,"href":"https:\/\/www.notiflashmexiquense.com.mx\/index.php?rest_route=\/wp\/v2\/posts\/13109\/revisions\/13111"}],"wp:featuredmedia":[{"embeddable":true,"href":"https:\/\/www.notiflashmexiquense.com.mx\/index.php?rest_route=\/wp\/v2\/media\/13110"}],"wp:attachment":[{"href":"https:\/\/www.notiflashmexiquense.com.mx\/index.php?rest_route=%2Fwp%2Fv2%2Fmedia&parent=13109"}],"wp:term":[{"taxonomy":"category","embeddable":true,"href":"https:\/\/www.notiflashmexiquense.com.mx\/index.php?rest_route=%2Fwp%2Fv2%2Fcategories&post=13109"},{"taxonomy":"post_tag","embeddable":true,"href":"https:\/\/www.notiflashmexiquense.com.mx\/index.php?rest_route=%2Fwp%2Fv2%2Ftags&post=13109"}],"curies":[{"name":"wp","href":"https:\/\/api.w.org\/{rel}","templated":true}]}}