{"id":131,"date":"2021-02-07T03:38:22","date_gmt":"2021-02-07T03:38:22","guid":{"rendered":"https:\/\/www.notiflashmexiquense.com.mx\/?p=131"},"modified":"2021-02-07T03:38:23","modified_gmt":"2021-02-07T03:38:23","slug":"gobierno-de-acolman-publica-el-bando-municipal-2021","status":"publish","type":"post","link":"https:\/\/www.notiflashmexiquense.com.mx\/?p=131","title":{"rendered":"Gobierno de Acolman publica el Bando Municipal 2021"},"content":{"rendered":"\n<h4 class=\"wp-block-heading\">ConHonor \ud83d\ude4c\ud83c\udffb\ud83c\uddf2\ud83c\uddfd | Realizamos la ceremonia del CIV aniversario de la Promulgaci\u00f3n de la Constituci\u00f3n Pol\u00edtica de los Estados Unidos Mexicanos \ud83d\udcd6 y a su vez, la Promulgaci\u00f3n del Bando Municipal de Acolman 2021 \ud83d\udcc3.<\/h4>\n\n\n\n<h4 class=\"wp-block-heading\">AcolmanRenace<\/h4>\n","protected":false},"excerpt":{"rendered":"<p>ConHonor &eth;&#159;&#153;&#140;&eth;&#159;&#143;&raquo;&eth;&#159;&#135;&sup2;&eth;&#159;&#135;&frac12; | Realizamos la ceremonia del CIV aniversario de la Promulgaci&oacute;n de la Constituci&oacute;n&#8230;<\/p>\n","protected":false},"author":1,"featured_media":132,"comment_status":"closed","ping_status":"closed","sticky":false,"template":"","format":"standard","meta":{"footnotes":""},"categories":[15],"tags":[],"class_list":["post-131","post","type-post","status-publish","format-standard","has-post-thumbnail","hentry","category-acolman"],"_links":{"self":[{"href":"https:\/\/www.notiflashmexiquense.com.mx\/index.php?rest_route=\/wp\/v2\/posts\/131","targetHints":{"allow":["GET"]}}],"collection":[{"href":"https:\/\/www.notiflashmexiquense.com.mx\/index.php?rest_route=\/wp\/v2\/posts"}],"about":[{"href":"https:\/\/www.notiflashmexiquense.com.mx\/index.php?rest_route=\/wp\/v2\/types\/post"}],"author":[{"embeddable":true,"href":"https:\/\/www.notiflashmexiquense.com.mx\/index.php?rest_route=\/wp\/v2\/users\/1"}],"replies":[{"embeddable":true,"href":"https:\/\/www.notiflashmexiquense.com.mx\/index.php?rest_route=%2Fwp%2Fv2%2Fcomments&post=131"}],"version-history":[{"count":1,"href":"https:\/\/www.notiflashmexiquense.com.mx\/index.php?rest_route=\/wp\/v2\/posts\/131\/revisions"}],"predecessor-version":[{"id":133,"href":"https:\/\/www.notiflashmexiquense.com.mx\/index.php?rest_route=\/wp\/v2\/posts\/131\/revisions\/133"}],"wp:featuredmedia":[{"embeddable":true,"href":"https:\/\/www.notiflashmexiquense.com.mx\/index.php?rest_route=\/wp\/v2\/media\/132"}],"wp:attachment":[{"href":"https:\/\/www.notiflashmexiquense.com.mx\/index.php?rest_route=%2Fwp%2Fv2%2Fmedia&parent=131"}],"wp:term":[{"taxonomy":"category","embeddable":true,"href":"https:\/\/www.notiflashmexiquense.com.mx\/index.php?rest_route=%2Fwp%2Fv2%2Fcategories&post=131"},{"taxonomy":"post_tag","embeddable":true,"href":"https:\/\/www.notiflashmexiquense.com.mx\/index.php?rest_route=%2Fwp%2Fv2%2Ftags&post=131"}],"curies":[{"name":"wp","href":"https:\/\/api.w.org\/{rel}","templated":true}]}}