{"id":12846,"date":"2023-05-27T01:51:40","date_gmt":"2023-05-27T01:51:40","guid":{"rendered":"https:\/\/www.notiflashmexiquense.com.mx\/?p=12846"},"modified":"2023-05-27T01:51:40","modified_gmt":"2023-05-27T01:51:40","slug":"reconocen-trabajo-de-pedro-rodriguez-en-paris-por-trabajo-sostenible-en-atizapan-de-zaragoza","status":"publish","type":"post","link":"https:\/\/www.notiflashmexiquense.com.mx\/?p=12846","title":{"rendered":"Reconocen trabajo de Pedro Rodr\u00edguez en Par\u00eds por trabajo sostenible en Atizap\u00e1n de Zaragoza"},"content":{"rendered":"\n<p><em>Par\u00eds, Francia, a 26 de mayo de 2023<\/em>.- El Presidente Municipal de Atizap\u00e1n de Zaragoza, Pedro Rodr\u00edguez Villegas, fue nombrado en esta ciudad Embajador de la Organizaci\u00f3n Mundial de Ciudades Sostenibles (OMCS) gracias a los resultados que su administraci\u00f3n ha tenido en distintos rubros que cumplen con los esfuerzos gubernamentales para cumplir con los objetivos de Desarrollo Sostenible establecidos en la Agenda 2030 de la Organizaci\u00f3n de las Naciones Unidas (ONU).<\/p>\n\n\n\n<p>Rodr\u00edguez Villegas recibi\u00f3 su nombramiento de manos de la Embajadora de M\u00e9xico en Francia, Doctora Blanca Jim\u00e9nez Cisneros, en una ceremonia en la que la OMCS reconoci\u00f3 al actual gobierno atizapense por sus programas y pol\u00edticas p\u00fablicas que hoy son m\u00e1s eficientes y ecol\u00f3gicas para asegurar procesos saludables que satisfagan las necesidades sociales y econ\u00f3micas de sus habitantes.<\/p>\n\n\n\n<p>La OMCS es un organismo internacional que tiene como objetivo guiar la transformaci\u00f3n de los gobiernos hacia el desarrollo sostenible, alineando sus acciones y esfuerzos gubernamentales para cumplir los 17 objetivos y 169 metas del desarrollo sostenible establecidas en la agenda universal 2030 de la ONU.<\/p>\n\n\n\n<p>Durante su estancia en la \u201cCiudad Luz\u201d, el Presidente Municipal de Atizap\u00e1n de Zaragoza visit\u00f3 el edificio del Ayuntamiento, el H\u00f4tel de Ville de Paris, que alberga las instituciones del gobierno municipal, adem\u00e1s de sostener reuniones de trabajo.<\/p>\n","protected":false},"excerpt":{"rendered":"<p>Par&iacute;s, Francia, a 26 de mayo de 2023.- El Presidente Municipal de Atizap&aacute;n de Zaragoza,&#8230;<\/p>\n","protected":false},"author":1,"featured_media":12848,"comment_status":"closed","ping_status":"closed","sticky":false,"template":"","format":"standard","meta":{"footnotes":""},"categories":[45],"tags":[],"class_list":["post-12846","post","type-post","status-publish","format-standard","has-post-thumbnail","hentry","category-atizapan-de-zaragoza"],"_links":{"self":[{"href":"https:\/\/www.notiflashmexiquense.com.mx\/index.php?rest_route=\/wp\/v2\/posts\/12846","targetHints":{"allow":["GET"]}}],"collection":[{"href":"https:\/\/www.notiflashmexiquense.com.mx\/index.php?rest_route=\/wp\/v2\/posts"}],"about":[{"href":"https:\/\/www.notiflashmexiquense.com.mx\/index.php?rest_route=\/wp\/v2\/types\/post"}],"author":[{"embeddable":true,"href":"https:\/\/www.notiflashmexiquense.com.mx\/index.php?rest_route=\/wp\/v2\/users\/1"}],"replies":[{"embeddable":true,"href":"https:\/\/www.notiflashmexiquense.com.mx\/index.php?rest_route=%2Fwp%2Fv2%2Fcomments&post=12846"}],"version-history":[{"count":1,"href":"https:\/\/www.notiflashmexiquense.com.mx\/index.php?rest_route=\/wp\/v2\/posts\/12846\/revisions"}],"predecessor-version":[{"id":12849,"href":"https:\/\/www.notiflashmexiquense.com.mx\/index.php?rest_route=\/wp\/v2\/posts\/12846\/revisions\/12849"}],"wp:featuredmedia":[{"embeddable":true,"href":"https:\/\/www.notiflashmexiquense.com.mx\/index.php?rest_route=\/wp\/v2\/media\/12848"}],"wp:attachment":[{"href":"https:\/\/www.notiflashmexiquense.com.mx\/index.php?rest_route=%2Fwp%2Fv2%2Fmedia&parent=12846"}],"wp:term":[{"taxonomy":"category","embeddable":true,"href":"https:\/\/www.notiflashmexiquense.com.mx\/index.php?rest_route=%2Fwp%2Fv2%2Fcategories&post=12846"},{"taxonomy":"post_tag","embeddable":true,"href":"https:\/\/www.notiflashmexiquense.com.mx\/index.php?rest_route=%2Fwp%2Fv2%2Ftags&post=12846"}],"curies":[{"name":"wp","href":"https:\/\/api.w.org\/{rel}","templated":true}]}}