{"id":12840,"date":"2023-05-27T01:02:54","date_gmt":"2023-05-27T01:02:54","guid":{"rendered":"https:\/\/www.notiflashmexiquense.com.mx\/?p=12840"},"modified":"2023-05-27T01:02:55","modified_gmt":"2023-05-27T01:02:55","slug":"la-mitad-de-los-trabajadores-del-metro-son-mexiquenses-y-con-ellos-ganaremos-el-4-de-junio-alejandra-del-moral","status":"publish","type":"post","link":"https:\/\/www.notiflashmexiquense.com.mx\/?p=12840","title":{"rendered":"LA MITAD DE LOS TRABAJADORES DEL METRO SON MEXIQUENSES Y CON ELLOS GANAREMOS EL 4 DE JUNIO: ALEJANDRA DEL MORAL"},"content":{"rendered":"\n<p>\u00b7&nbsp;&nbsp;&nbsp;&nbsp;&nbsp;&nbsp;&nbsp;&nbsp;&nbsp;<em>La candidata del PRI, PAN, PRD y Nueva Alianza anuncia que se coordinar\u00e1 con las autoridades de la Ciudad de M\u00e9xico para unir presupuestos y que al Sistema de Transporte Colectivo (STC) Metro le vaya bien, en beneficio de los usuarios mexiquenses.<\/em><\/p>\n\n\n\n<p>Alejandra Del Moral, candidata de la coalici\u00f3n Va por el Estado de M\u00e9xico, dej\u00f3 en claro que con el apoyo y respaldo de los trabajadores mexiquenses del Sistema de Transporte Colectivo (STC) Metro ser\u00e1 la pr\u00f3xima gobernadora de la entidad.<\/p>\n\n\n\n<p>En un encuentro con trabajadores de este sistema masivo de transporte, reconoci\u00f3 su convicci\u00f3n de servir a M\u00e9xico, a pesar de todas las presiones que tienen en un ambiente laboral en constante hostigamiento, por el simple hecho de pensar distinto.<\/p>\n\n\n\n<p>Del Moral Vela se comprometi\u00f3 con los trabajadores del Metro a trabajar por sus familias, ya que casi el 50 por ciento de los empleados de este transporte son orgullosamente mexiquenses. \u201cLos mexiquenses le damos movilidad a la Ciudad de M\u00e9xico\u201d, enfatiz\u00f3.<\/p>\n\n\n\n<p>Sostuvo que ser\u00eda imposible el desarrollo de la capital mexicana sin el Estado de M\u00e9xico y como gobernadora: \u201capelar\u00e9 por el bienestar de los trabajadores mexiquenses en el Metro\u201d, ese ser\u00e1 mi trabajo, puntualiz\u00f3.<\/p>\n\n\n\n<p>Expuso que el presupuesto del Metro debe aplicarse al Metro, sin excusa ni pretexto, para que cada d\u00eda este transporte sea m\u00e1s seguro y funcional para los mexiquenses y los capitalinos, porque antes se hablaba del Metro con orgullo y no de malas noticias, exalt\u00f3.<\/p>\n\n\n\n<p>\u201cComo gobernadora voy a coordinarme con las autoridades de la Ciudad de M\u00e9xico para unir nuestros presupuestos y que al Sistema de Transporte Colectivo (STC) Metro le vaya bien, que le metamos lo que le tengamos que meter, en beneficio de los usuarios mexiquenses\u201d, afirm\u00f3.<\/p>\n\n\n\n<p>Se pronunci\u00f3 por mejorar la seguridad, la movilidad y el bienestar econ\u00f3mico de los trabajadores mexiquenses del Metro, adem\u00e1s de la coordinaci\u00f3n institucional para mejorar los centros de transferencia en el territorio mexiquense. Existir\u00e1 coordinaci\u00f3n para que las normas de seguridad y sus condiciones laborales mejoren, anot\u00f3.<\/p>\n\n\n\n<p>\u201cSer\u00e9 una gobernadora cercana a ustedes y me identifico con su labor por ser comprometidos y trabajar con convicci\u00f3n, todos los d\u00edas se convierten en h\u00e9roes y hacen milagros con lo que le ha sucedido en los \u00faltimos a\u00f1os a este transporte de movilidad masivo\u201d, subray\u00f3.<\/p>\n\n\n\n<p>Del Moral Vela sostuvo que, de la mano con los trabajadores, hace entrega total de su vida a la causa llamada Estado de M\u00e9xico. Esta entidad es sagrada, no se toca y la defenderemos con alma, coraz\u00f3n y vida para que Morena no llegue al Estado de M\u00e9xico.<\/p>\n\n\n\n<p>Hoy les pido su apoyo, respaldo y convicci\u00f3n decidida para ganar el pr\u00f3ximo 4 de junio, despu\u00e9s del triunfo nos volveremos a reunir para traerles la constancia de mayor\u00eda y ponernos a chambear por el Estado de M\u00e9xico, expres\u00f3.<\/p>\n\n\n\n<p>&#8211;00\u2014<\/p>\n\n\n\n<p>LIGA PARA DESCARGAR BITE AUDIO\/VIDEO EN ALTA:&nbsp;<a rel=\"noreferrer noopener\" target=\"_blank\" href=\"https:\/\/we.tl\/t-7hKaQW1kKt\">https:\/\/we.tl\/t-7hKaQW1kKt<\/a><\/p>\n\n\n\n<p>LIGA PARA DESCARGAR REEL EN ALTA:&nbsp;<a rel=\"noreferrer noopener\" target=\"_blank\" href=\"https:\/\/we.tl\/t-P1psxK1jG2\">https:\/\/we.tl\/t-P1psxK1jG2<\/a><\/p>\n","protected":false},"excerpt":{"rendered":"<p>&middot;&nbsp;&nbsp;&nbsp;&nbsp;&nbsp;&nbsp;&nbsp;&nbsp;&nbsp;La candidata del PRI, PAN, PRD y Nueva Alianza anuncia que se coordinar&aacute; con las&#8230;<\/p>\n","protected":false},"author":1,"featured_media":12841,"comment_status":"closed","ping_status":"closed","sticky":false,"template":"","format":"standard","meta":{"footnotes":""},"categories":[45],"tags":[],"class_list":["post-12840","post","type-post","status-publish","format-standard","has-post-thumbnail","hentry","category-atizapan-de-zaragoza"],"_links":{"self":[{"href":"https:\/\/www.notiflashmexiquense.com.mx\/index.php?rest_route=\/wp\/v2\/posts\/12840","targetHints":{"allow":["GET"]}}],"collection":[{"href":"https:\/\/www.notiflashmexiquense.com.mx\/index.php?rest_route=\/wp\/v2\/posts"}],"about":[{"href":"https:\/\/www.notiflashmexiquense.com.mx\/index.php?rest_route=\/wp\/v2\/types\/post"}],"author":[{"embeddable":true,"href":"https:\/\/www.notiflashmexiquense.com.mx\/index.php?rest_route=\/wp\/v2\/users\/1"}],"replies":[{"embeddable":true,"href":"https:\/\/www.notiflashmexiquense.com.mx\/index.php?rest_route=%2Fwp%2Fv2%2Fcomments&post=12840"}],"version-history":[{"count":1,"href":"https:\/\/www.notiflashmexiquense.com.mx\/index.php?rest_route=\/wp\/v2\/posts\/12840\/revisions"}],"predecessor-version":[{"id":12842,"href":"https:\/\/www.notiflashmexiquense.com.mx\/index.php?rest_route=\/wp\/v2\/posts\/12840\/revisions\/12842"}],"wp:featuredmedia":[{"embeddable":true,"href":"https:\/\/www.notiflashmexiquense.com.mx\/index.php?rest_route=\/wp\/v2\/media\/12841"}],"wp:attachment":[{"href":"https:\/\/www.notiflashmexiquense.com.mx\/index.php?rest_route=%2Fwp%2Fv2%2Fmedia&parent=12840"}],"wp:term":[{"taxonomy":"category","embeddable":true,"href":"https:\/\/www.notiflashmexiquense.com.mx\/index.php?rest_route=%2Fwp%2Fv2%2Fcategories&post=12840"},{"taxonomy":"post_tag","embeddable":true,"href":"https:\/\/www.notiflashmexiquense.com.mx\/index.php?rest_route=%2Fwp%2Fv2%2Ftags&post=12840"}],"curies":[{"name":"wp","href":"https:\/\/api.w.org\/{rel}","templated":true}]}}