{"id":12802,"date":"2023-05-25T00:38:39","date_gmt":"2023-05-25T00:38:39","guid":{"rendered":"https:\/\/www.notiflashmexiquense.com.mx\/?p=12802"},"modified":"2023-05-25T00:38:40","modified_gmt":"2023-05-25T00:38:40","slug":"grupo-la-comer-inaugura-tienda-fresko-en-ciudad-satelite","status":"publish","type":"post","link":"https:\/\/www.notiflashmexiquense.com.mx\/?p=12802","title":{"rendered":"\u2018GRUPO LA COMER\u2019 INAUGURA TIENDA FRESKO EN CIUDAD SAT\u00c9LITE"},"content":{"rendered":"\n<ul class=\"wp-block-list\">\n<li>Se encuentra en el predio que ocupaba la antigua Comercial Mexicana, atr\u00e1s de Plaza Sat\u00e9lite.<\/li>\n<\/ul>\n\n\n\n<p>\u2018Grupo La Comer\u2019 inaugur\u00f3 una tienda Fresko en Ciudad Sat\u00e9lite, el establecimiento n\u00famero 82 que abre este corporativo en el pa\u00eds, con inversi\u00f3n de 440 millones de pesos que gener\u00f3 250 empleos, en su gran mayor\u00eda para habitantes de Naucalpan.<\/p>\n\n\n\n<p>\u201cReitero la apertura de nuestro gobierno a seguir trabajando de la mano del sector empresarial para brindarles mejores servicios a los naucalpenses y mejorar su calidad de vida\u201d, asegur\u00f3 el secretario del Ayuntamiento de Naucalpan, quien atestigu\u00f3 la inauguraci\u00f3n del establecimiento comercial, en representaci\u00f3n de la alcaldesa.<\/p>\n\n\n\n<p>El funcionario municipal expuso que \u201cesta obra es uno de varios proyectos que est\u00e1n aportando a la renovaci\u00f3n de una de las zonas residenciales m\u00e1s importantes del \u00e1rea metropolitana. Como bien saben, Naucalpan es un pilar econ\u00f3mico del Estado de M\u00e9xico, por nuestra tradici\u00f3n industrial y nuestra privilegiada ubicaci\u00f3n estrat\u00e9gica somos uno de los municipios m\u00e1s din\u00e1micos de nuestro pa\u00eds\u201d.<\/p>\n\n\n\n<p>Santiago Garc\u00eda Garc\u00eda, director general de \u2018Grupo La Comer\u2019, asegur\u00f3 que se trata de una empresa 100 por ciento mexicana que inici\u00f3 hace siete a\u00f1os, aunque \u201csu esencia\u201d se remonta a hace 90 a\u00f1os, cuando se fund\u00f3 la primera tienda Comercial Mexicana en el centro de la Ciudad de M\u00e9xico.<\/p>\n\n\n\n<p>El empresario record\u00f3 que en sus inicios este corporativo ten\u00eda ocho mil 700 colaboradores y actualmente son 16 mil 800, adem\u00e1s pasaron de 52 a 82 tiendas. \u201cEse es el apoyo que \u2018La Comer\u2019 le est\u00e1 dando a M\u00e9xico, porque est\u00e1 colaborando para que haya m\u00e1s empleos y para que M\u00e9xico sea un mejor pa\u00eds\u201d, puntualiz\u00f3.<\/p>\n\n\n\n<p>Fresko Sat\u00e9lite es la tienda n\u00famero 15 de \u2018Grupo La Comer\u2019 en el Estado de M\u00e9xico, en las que trabajan tres mil 400 personas; se encuentra en el predio que ocup\u00f3 la antigua Comercial Mexicana durante 43 a\u00f1os en avenida Circuito Centro Comercial de Ciudad Sat\u00e9lite (atr\u00e1s de Plaza Sat\u00e9lite), por lo que se trata de una tienda ic\u00f3nica de esta comunidad.<\/p>\n","protected":false},"excerpt":{"rendered":"<p>&lsquo;Grupo La Comer&rsquo; inaugur&oacute; una tienda Fresko en Ciudad Sat&eacute;lite, el establecimiento n&uacute;mero 82 que&#8230;<\/p>\n","protected":false},"author":1,"featured_media":12803,"comment_status":"closed","ping_status":"closed","sticky":false,"template":"","format":"standard","meta":{"footnotes":""},"categories":[45],"tags":[],"class_list":["post-12802","post","type-post","status-publish","format-standard","has-post-thumbnail","hentry","category-atizapan-de-zaragoza"],"_links":{"self":[{"href":"https:\/\/www.notiflashmexiquense.com.mx\/index.php?rest_route=\/wp\/v2\/posts\/12802","targetHints":{"allow":["GET"]}}],"collection":[{"href":"https:\/\/www.notiflashmexiquense.com.mx\/index.php?rest_route=\/wp\/v2\/posts"}],"about":[{"href":"https:\/\/www.notiflashmexiquense.com.mx\/index.php?rest_route=\/wp\/v2\/types\/post"}],"author":[{"embeddable":true,"href":"https:\/\/www.notiflashmexiquense.com.mx\/index.php?rest_route=\/wp\/v2\/users\/1"}],"replies":[{"embeddable":true,"href":"https:\/\/www.notiflashmexiquense.com.mx\/index.php?rest_route=%2Fwp%2Fv2%2Fcomments&post=12802"}],"version-history":[{"count":1,"href":"https:\/\/www.notiflashmexiquense.com.mx\/index.php?rest_route=\/wp\/v2\/posts\/12802\/revisions"}],"predecessor-version":[{"id":12804,"href":"https:\/\/www.notiflashmexiquense.com.mx\/index.php?rest_route=\/wp\/v2\/posts\/12802\/revisions\/12804"}],"wp:featuredmedia":[{"embeddable":true,"href":"https:\/\/www.notiflashmexiquense.com.mx\/index.php?rest_route=\/wp\/v2\/media\/12803"}],"wp:attachment":[{"href":"https:\/\/www.notiflashmexiquense.com.mx\/index.php?rest_route=%2Fwp%2Fv2%2Fmedia&parent=12802"}],"wp:term":[{"taxonomy":"category","embeddable":true,"href":"https:\/\/www.notiflashmexiquense.com.mx\/index.php?rest_route=%2Fwp%2Fv2%2Fcategories&post=12802"},{"taxonomy":"post_tag","embeddable":true,"href":"https:\/\/www.notiflashmexiquense.com.mx\/index.php?rest_route=%2Fwp%2Fv2%2Ftags&post=12802"}],"curies":[{"name":"wp","href":"https:\/\/api.w.org\/{rel}","templated":true}]}}