{"id":12799,"date":"2023-05-24T19:19:54","date_gmt":"2023-05-24T19:19:54","guid":{"rendered":"https:\/\/www.notiflashmexiquense.com.mx\/?p=12799"},"modified":"2023-05-24T19:19:54","modified_gmt":"2023-05-24T19:19:54","slug":"realiza-naucalpan-tercer-martes-ciudadano-en-prado-san-mateo","status":"publish","type":"post","link":"https:\/\/www.notiflashmexiquense.com.mx\/?p=12799","title":{"rendered":"REALIZA NAUCALPAN TERCER \u2018MARTES CIUDADANO\u2019 EN PRADO SAN MATEO"},"content":{"rendered":"\n<ul class=\"wp-block-list\">\n<li>Escuchar a los vecinos y dar soluciones, compromiso del gobierno de Naucalpan.<\/li>\n<\/ul>\n\n\n\n<p>\u201cLos \u2018Martes Ciudadano\u2019 son muy importantes, porque muchos vecinos no sabemos a d\u00f3nde acudir para exponer nuestros problemas, parece imposible que nos escuchen, pero aqu\u00ed tenemos voz y no somos invisibles, nos hacen sentir escuchados y visibles ante las autoridades\u201d, coment\u00f3 Susana Ramos, vecina del fraccionamiento Prado San Mateo.<\/p>\n\n\n\n<p>Durante la realizaci\u00f3n de este ejercicio ciudadano en esta comunidad, la presidenta municipal y los directores del gobierno local conocieron las necesidades de los vecinos, como podas y derribo de \u00e1rboles, retiro de jaur\u00edas de las calles, bacheo, entre otras, a las que ofrecieron alternativas de soluci\u00f3n para elevar la calidad de vida de los vecinos.<\/p>\n\n\n\n<p>La Direcci\u00f3n General de Medio Ambiente puntualiz\u00f3 que algunos de los requerimientos que m\u00e1s recibe esta dependencia son orientaciones y solicitudes para podas y derribo de \u00e1rboles, por lo que cada martes estar\u00e1 presente un inspector que realizar\u00e1 diagn\u00f3sticos sobre las condiciones de los \u00e1rboles que se encuentran en el municipio para emitir los dict\u00e1menes correspondientes.<\/p>\n\n\n\n<p>Agreg\u00f3 que los ciudadanos tambi\u00e9n han solicitado acciones para la localizaci\u00f3n y retiro de jaur\u00edas (grupos de perros callejeros) de diferentes puntos del municipio, para ello, personal de la Coordinaci\u00f3n de Control y Bienestar Animal se encargar\u00e1 de atender este problema.<\/p>\n\n\n\n<p>Susana Ramos, vecina de este fraccionamiento, coment\u00f3 con la presidenta municipal la problem\u00e1tica que existe en el parque Presb\u00edtero Godofredo Jim\u00e9nez, ubicado en esta comunidad, en donde ni\u00f1as, ni\u00f1os y j\u00f3venes utilizan la pista para andar en bicicleta, mientras que las personas adultas mayores caminan en este espacio.<\/p>\n\n\n\n<p>Al respecto la alcaldesa indic\u00f3 que se habilitar\u00e1 un espacio espec\u00edfico para el uso de bicicletas y otro para que los adultos mayores realicen sus actividades f\u00edsicas sin riesgos, por lo que instruy\u00f3 a las \u00e1reas respectivas para dar seguimiento a esta situaci\u00f3n y delimitar los espacios correspondientes.<\/p>\n\n\n\n<p>El vecino del fraccionamiento Jardines de San Mateo, Francisco Ochoa, solicit\u00f3 a la alcaldesa la rehabilitaci\u00f3n de diversas vialidades de esta comunidad, ya que algunas de ellas presentan socavones, baches y fracturas en el pavimento. Ante esta situaci\u00f3n, la presidenta municipal refiri\u00f3 que, en pr\u00f3ximos d\u00edas, llegar\u00e1n cuadrillas de la Direcci\u00f3n General de Servicios P\u00fablicos para realizar trabajos en esta zona y mejorar las condiciones de calles y v\u00edas primarias.<\/p>\n","protected":false},"excerpt":{"rendered":"<p>&ldquo;Los &lsquo;Martes Ciudadano&rsquo; son muy importantes, porque muchos vecinos no sabemos a d&oacute;nde acudir para&#8230;<\/p>\n","protected":false},"author":1,"featured_media":12800,"comment_status":"closed","ping_status":"closed","sticky":false,"template":"","format":"standard","meta":{"footnotes":""},"categories":[45],"tags":[],"class_list":["post-12799","post","type-post","status-publish","format-standard","has-post-thumbnail","hentry","category-atizapan-de-zaragoza"],"_links":{"self":[{"href":"https:\/\/www.notiflashmexiquense.com.mx\/index.php?rest_route=\/wp\/v2\/posts\/12799","targetHints":{"allow":["GET"]}}],"collection":[{"href":"https:\/\/www.notiflashmexiquense.com.mx\/index.php?rest_route=\/wp\/v2\/posts"}],"about":[{"href":"https:\/\/www.notiflashmexiquense.com.mx\/index.php?rest_route=\/wp\/v2\/types\/post"}],"author":[{"embeddable":true,"href":"https:\/\/www.notiflashmexiquense.com.mx\/index.php?rest_route=\/wp\/v2\/users\/1"}],"replies":[{"embeddable":true,"href":"https:\/\/www.notiflashmexiquense.com.mx\/index.php?rest_route=%2Fwp%2Fv2%2Fcomments&post=12799"}],"version-history":[{"count":1,"href":"https:\/\/www.notiflashmexiquense.com.mx\/index.php?rest_route=\/wp\/v2\/posts\/12799\/revisions"}],"predecessor-version":[{"id":12801,"href":"https:\/\/www.notiflashmexiquense.com.mx\/index.php?rest_route=\/wp\/v2\/posts\/12799\/revisions\/12801"}],"wp:featuredmedia":[{"embeddable":true,"href":"https:\/\/www.notiflashmexiquense.com.mx\/index.php?rest_route=\/wp\/v2\/media\/12800"}],"wp:attachment":[{"href":"https:\/\/www.notiflashmexiquense.com.mx\/index.php?rest_route=%2Fwp%2Fv2%2Fmedia&parent=12799"}],"wp:term":[{"taxonomy":"category","embeddable":true,"href":"https:\/\/www.notiflashmexiquense.com.mx\/index.php?rest_route=%2Fwp%2Fv2%2Fcategories&post=12799"},{"taxonomy":"post_tag","embeddable":true,"href":"https:\/\/www.notiflashmexiquense.com.mx\/index.php?rest_route=%2Fwp%2Fv2%2Ftags&post=12799"}],"curies":[{"name":"wp","href":"https:\/\/api.w.org\/{rel}","templated":true}]}}