{"id":12667,"date":"2023-05-11T01:13:37","date_gmt":"2023-05-11T01:13:37","guid":{"rendered":"https:\/\/www.notiflashmexiquense.com.mx\/?p=12667"},"modified":"2023-05-11T01:13:44","modified_gmt":"2023-05-11T01:13:44","slug":"en-naucalpan-detienen-a-adulto-que-robaba-acompanado-de-menores-de-edad","status":"publish","type":"post","link":"https:\/\/www.notiflashmexiquense.com.mx\/?p=12667","title":{"rendered":"EN NAUCALPAN DETIENEN A ADULTO QUE ROBABA ACOMPA\u00d1ADO DE MENORES DE EDAD"},"content":{"rendered":"\n<p>Polic\u00edas municipales de Naucalpan detuvieron a un hombre de 19 a\u00f1os de edad y a tres adolescentes de 14 y 15 a\u00f1os que presuntamente amagaron con arma de fuego a otro joven y lo despojaron de su tel\u00e9fono celular, en la colonia Alfredo V. Bonfil.<\/p>\n\n\n\n<p>Elementos de la Direcci\u00f3n de Seguridad Ciudadana y Movilidad Segura de Naucalpan recorr\u00edan dicha comunidad cuando en la esquina de calle Felipe \u00c1ngeles y avenida Ignacio Comonfort un joven de 20 a\u00f1os de edad les pidi\u00f3 ayuda, toda vez que cuatro sujetos lo amenazaron con arma de fuego y lo despojaron de su tel\u00e9fono.<\/p>\n\n\n\n<p>Los uniformados alcanzaron a los cuatro sospechosos que se encontraban metros adelante, uno de 19 a\u00f1os, otro de 15 y dos de 14 a\u00f1os, a los que realizaron inspecci\u00f3n corporal y hallaron una r\u00e9plica de arma de fuego.<\/p>\n\n\n\n<p>Los detenidos fueron presentados ante el Ministerio P\u00fablico de Naucalpan, donde se inici\u00f3 una carpeta de investigaci\u00f3n por su probable participaci\u00f3n en el delito de robo con violencia; posteriormente los menores fueron trasladados a la Fiscal\u00eda Especializada en Materia de Delitos Cometidos por Adolescentes.<\/p>\n\n\n\n<p>En otro hecho, polic\u00edas de Naucalpan recuperaron una camioneta Mazda CX3 roja, robada con violencia por dos sujetos armados en avenida Sierra Madre del Norte, colonia Benito Ju\u00e1rez.<\/p>\n\n\n\n<p>De inmediato se implement\u00f3 un operativo de b\u00fasqueda en la zona, con lo que se logr\u00f3 localizar el veh\u00edculo en calle Tauro, colonia Tierra y Libertad, la cual fue devuelta a su due\u00f1o tras acreditar la propiedad de la misma, ya que no contaba todav\u00eda con reporte de robo.<\/p>\n","protected":false},"excerpt":{"rendered":"<p>Polic&iacute;as municipales de Naucalpan detuvieron a un hombre de 19 a&ntilde;os de edad y a&#8230;<\/p>\n","protected":false},"author":1,"featured_media":12668,"comment_status":"closed","ping_status":"closed","sticky":false,"template":"","format":"standard","meta":{"footnotes":""},"categories":[45],"tags":[],"class_list":["post-12667","post","type-post","status-publish","format-standard","has-post-thumbnail","hentry","category-atizapan-de-zaragoza"],"_links":{"self":[{"href":"https:\/\/www.notiflashmexiquense.com.mx\/index.php?rest_route=\/wp\/v2\/posts\/12667","targetHints":{"allow":["GET"]}}],"collection":[{"href":"https:\/\/www.notiflashmexiquense.com.mx\/index.php?rest_route=\/wp\/v2\/posts"}],"about":[{"href":"https:\/\/www.notiflashmexiquense.com.mx\/index.php?rest_route=\/wp\/v2\/types\/post"}],"author":[{"embeddable":true,"href":"https:\/\/www.notiflashmexiquense.com.mx\/index.php?rest_route=\/wp\/v2\/users\/1"}],"replies":[{"embeddable":true,"href":"https:\/\/www.notiflashmexiquense.com.mx\/index.php?rest_route=%2Fwp%2Fv2%2Fcomments&post=12667"}],"version-history":[{"count":1,"href":"https:\/\/www.notiflashmexiquense.com.mx\/index.php?rest_route=\/wp\/v2\/posts\/12667\/revisions"}],"predecessor-version":[{"id":12669,"href":"https:\/\/www.notiflashmexiquense.com.mx\/index.php?rest_route=\/wp\/v2\/posts\/12667\/revisions\/12669"}],"wp:featuredmedia":[{"embeddable":true,"href":"https:\/\/www.notiflashmexiquense.com.mx\/index.php?rest_route=\/wp\/v2\/media\/12668"}],"wp:attachment":[{"href":"https:\/\/www.notiflashmexiquense.com.mx\/index.php?rest_route=%2Fwp%2Fv2%2Fmedia&parent=12667"}],"wp:term":[{"taxonomy":"category","embeddable":true,"href":"https:\/\/www.notiflashmexiquense.com.mx\/index.php?rest_route=%2Fwp%2Fv2%2Fcategories&post=12667"},{"taxonomy":"post_tag","embeddable":true,"href":"https:\/\/www.notiflashmexiquense.com.mx\/index.php?rest_route=%2Fwp%2Fv2%2Ftags&post=12667"}],"curies":[{"name":"wp","href":"https:\/\/api.w.org\/{rel}","templated":true}]}}