{"id":12648,"date":"2023-05-09T00:41:34","date_gmt":"2023-05-09T00:41:34","guid":{"rendered":"https:\/\/www.notiflashmexiquense.com.mx\/?p=12648"},"modified":"2023-05-09T00:41:37","modified_gmt":"2023-05-09T00:41:37","slug":"celula-de-busqueda-de-naucalpan-localiza-a-dos-adolescentes","status":"publish","type":"post","link":"https:\/\/www.notiflashmexiquense.com.mx\/?p=12648","title":{"rendered":"C\u00c9LULA DE B\u00daSQUEDA DE NAUCALPAN LOCALIZA A DOS ADOLESCENTES"},"content":{"rendered":"\n<p>Tras desaparecer el pasado 5 de mayo en el municipio de Almoloya de Ju\u00e1rez, dos adolescentes de 14 y 15 a\u00f1os de edad fueron encontradas con vida gracias a un operativo de b\u00fasqueda en el que participaron autoridades del Estado de M\u00e9xico, la Ciudad de M\u00e9xico y el municipio de Chalco, encabezadas por la C\u00e9lula de B\u00fasqueda de Naucalpan.<\/p>\n\n\n\n<p>La Direcci\u00f3n General de Seguridad Ciudadana y Movilidad Segura de Naucalpan inform\u00f3 que luego de coordinar su b\u00fasqueda en diferentes domicilios de la capital del pa\u00eds y en Chalco, las j\u00f3venes fueron halladas en Ixtapaluca sanas, sin haber sido v\u00edctimas de alg\u00fan delito, y manifestaron que su ausencia fue voluntaria debido a problemas en sus casas.<\/p>\n\n\n\n<p>Familiares de las adolescentes, quienes ya contaban con Alerta Amber, solicitaron apoyo a la C\u00e9lula de B\u00fasqueda de Naucalpan, la cual inici\u00f3 sus investigaciones y pidi\u00f3 la colaboraci\u00f3n de la Polic\u00eda de Investigaci\u00f3n de la Fiscal\u00eda General Justicia de la CDMX para realizar la b\u00fasqueda en dos domicilios en las alcald\u00edas \u00c1lvaro Obreg\u00f3n e Iztapalapa, en donde podr\u00edan encontrarse las menores.<\/p>\n\n\n\n<p>Al no ser ubicadas en estos lugares, la C\u00e9lula de B\u00fasqueda de Naucalpan se coordin\u00f3 con su similar del municipio de Chalco, para verificar otra geolocalizaci\u00f3n, sin que tampoco se lograra encontrarlas.<\/p>\n\n\n\n<p>Finalmente, los polic\u00edas especializados de Naucalpan acudieron a otra georreferencia marcada en avenida Cuauht\u00e9moc, colonia Hornos de Santa B\u00e1rbara, en el municipio de Ixtapaluca, donde alrededor de las 18:50 horas del s\u00e1bado 6 de mayo se logr\u00f3 localizar a las j\u00f3venes sanas y salvas.<\/p>\n\n\n\n<p>A bordo de una unidad de la C\u00e9lula de B\u00fasqueda de Naucalpan, las menores fueron trasladadas a la Fiscal\u00eda Especializada para la Investigaci\u00f3n de Personas Desaparecidas, No Localizadas, Ausentes o Extraviadas del Estado de M\u00e9xico, donde posterior a una entrevista y la certificaci\u00f3n del m\u00e9dico legista, las adolescentes fueron reintegradas con sus familias.<\/p>\n","protected":false},"excerpt":{"rendered":"<p>Tras desaparecer el pasado 5 de mayo en el municipio de Almoloya de Ju&aacute;rez, dos&#8230;<\/p>\n","protected":false},"author":1,"featured_media":12649,"comment_status":"closed","ping_status":"closed","sticky":false,"template":"","format":"standard","meta":{"footnotes":""},"categories":[45],"tags":[],"class_list":["post-12648","post","type-post","status-publish","format-standard","has-post-thumbnail","hentry","category-atizapan-de-zaragoza"],"_links":{"self":[{"href":"https:\/\/www.notiflashmexiquense.com.mx\/index.php?rest_route=\/wp\/v2\/posts\/12648","targetHints":{"allow":["GET"]}}],"collection":[{"href":"https:\/\/www.notiflashmexiquense.com.mx\/index.php?rest_route=\/wp\/v2\/posts"}],"about":[{"href":"https:\/\/www.notiflashmexiquense.com.mx\/index.php?rest_route=\/wp\/v2\/types\/post"}],"author":[{"embeddable":true,"href":"https:\/\/www.notiflashmexiquense.com.mx\/index.php?rest_route=\/wp\/v2\/users\/1"}],"replies":[{"embeddable":true,"href":"https:\/\/www.notiflashmexiquense.com.mx\/index.php?rest_route=%2Fwp%2Fv2%2Fcomments&post=12648"}],"version-history":[{"count":1,"href":"https:\/\/www.notiflashmexiquense.com.mx\/index.php?rest_route=\/wp\/v2\/posts\/12648\/revisions"}],"predecessor-version":[{"id":12650,"href":"https:\/\/www.notiflashmexiquense.com.mx\/index.php?rest_route=\/wp\/v2\/posts\/12648\/revisions\/12650"}],"wp:featuredmedia":[{"embeddable":true,"href":"https:\/\/www.notiflashmexiquense.com.mx\/index.php?rest_route=\/wp\/v2\/media\/12649"}],"wp:attachment":[{"href":"https:\/\/www.notiflashmexiquense.com.mx\/index.php?rest_route=%2Fwp%2Fv2%2Fmedia&parent=12648"}],"wp:term":[{"taxonomy":"category","embeddable":true,"href":"https:\/\/www.notiflashmexiquense.com.mx\/index.php?rest_route=%2Fwp%2Fv2%2Fcategories&post=12648"},{"taxonomy":"post_tag","embeddable":true,"href":"https:\/\/www.notiflashmexiquense.com.mx\/index.php?rest_route=%2Fwp%2Fv2%2Ftags&post=12648"}],"curies":[{"name":"wp","href":"https:\/\/api.w.org\/{rel}","templated":true}]}}