{"id":12486,"date":"2023-04-16T18:15:11","date_gmt":"2023-04-16T18:15:11","guid":{"rendered":"https:\/\/www.notiflashmexiquense.com.mx\/?p=12486"},"modified":"2023-04-16T18:15:14","modified_gmt":"2023-04-16T18:15:14","slug":"convoca-naucalpan-a-sesion-de-cabildo-abierto","status":"publish","type":"post","link":"https:\/\/www.notiflashmexiquense.com.mx\/?p=12486","title":{"rendered":"CONVOCA NAUCALPAN A SESI\u00d3N DE CABILDO ABIERTO"},"content":{"rendered":"\n<p>El Ayuntamiento de Naucalpan aprob\u00f3 la convocatoria para la Sesi\u00f3n de Cabildo Abierto que se realizar\u00e1 el pr\u00f3ximo 27 de abril, en la cual ciudadanos podr\u00e1n participar con el tema \u201cEl municipio y el fomento del lenguaje con enfoque de derechos de la infancia y adolescencia\u201d.<\/p>\n\n\n\n<p>Durante la 55 sesi\u00f3n ordinaria del Cuerpo Edilicio, se acord\u00f3 por unanimidad emitir dicha convocatoria, por lo que los interesados podr\u00e1n solicitar informes y registrarse en la Secretar\u00eda del Ayuntamiento, que se encuentra en el interior del palacio municipal, situado en Avenida Ju\u00e1rez No. 39, fraccionamiento El Mirador, en un horario de lunes a viernes de 09:00 a 15:00 horas.<\/p>\n\n\n\n<p>La Ley Org\u00e1nica Municipal (LOM) del Estado de M\u00e9xico establece que el Cabildo Abierto es la sesi\u00f3n en pleno en la que se permite la expresi\u00f3n de ideas a los ciudadanos sobre asuntos que ata\u00f1en al gobierno municipal, con el fin de implementar instrumentos de participaci\u00f3n social y el fortalecimiento de la transparencia en los actos generados por las autoridades municipales.<\/p>\n\n\n\n<p>En la sesi\u00f3n podr\u00e1n participar un m\u00e1ximo de cinco personas previamente registradas, quienes abordar\u00e1n el tema \u201cEl municipio y el fomento del lenguaje con enfoque de derechos de la infancia y adolescencia\u201d o alg\u00fan asunto de inter\u00e9s para la comunidad.<\/p>\n\n\n\n<p>Los participantes deber\u00e1n ser habitantes del municipio, mayores de edad y presentar credencial para votar del INE o IFE en copia y original para su debido cotejo, as\u00ed como la exposici\u00f3n y\/o propuesta en un m\u00e1ximo de tres cuartillas, la cual deber\u00e1 contener t\u00edtulo, motivos, nombre del participante, lugar de origen, domicilio para recibir notificaciones, tel\u00e9fono y correo electr\u00f3nico.<\/p>\n\n\n\n<p>Durante esta sesi\u00f3n, los integrantes del Cuerpo Edilicio tambi\u00e9n aprobaron el Reglamento de la Prestaci\u00f3n de Servicios Facultativos de Seguridad P\u00fablica Municipal.<\/p>\n","protected":false},"excerpt":{"rendered":"<p>El Ayuntamiento de Naucalpan aprob&oacute; la convocatoria para la Sesi&oacute;n de Cabildo Abierto que se&#8230;<\/p>\n","protected":false},"author":1,"featured_media":12487,"comment_status":"closed","ping_status":"closed","sticky":false,"template":"","format":"standard","meta":{"footnotes":""},"categories":[45],"tags":[],"class_list":["post-12486","post","type-post","status-publish","format-standard","has-post-thumbnail","hentry","category-atizapan-de-zaragoza"],"_links":{"self":[{"href":"https:\/\/www.notiflashmexiquense.com.mx\/index.php?rest_route=\/wp\/v2\/posts\/12486","targetHints":{"allow":["GET"]}}],"collection":[{"href":"https:\/\/www.notiflashmexiquense.com.mx\/index.php?rest_route=\/wp\/v2\/posts"}],"about":[{"href":"https:\/\/www.notiflashmexiquense.com.mx\/index.php?rest_route=\/wp\/v2\/types\/post"}],"author":[{"embeddable":true,"href":"https:\/\/www.notiflashmexiquense.com.mx\/index.php?rest_route=\/wp\/v2\/users\/1"}],"replies":[{"embeddable":true,"href":"https:\/\/www.notiflashmexiquense.com.mx\/index.php?rest_route=%2Fwp%2Fv2%2Fcomments&post=12486"}],"version-history":[{"count":1,"href":"https:\/\/www.notiflashmexiquense.com.mx\/index.php?rest_route=\/wp\/v2\/posts\/12486\/revisions"}],"predecessor-version":[{"id":12488,"href":"https:\/\/www.notiflashmexiquense.com.mx\/index.php?rest_route=\/wp\/v2\/posts\/12486\/revisions\/12488"}],"wp:featuredmedia":[{"embeddable":true,"href":"https:\/\/www.notiflashmexiquense.com.mx\/index.php?rest_route=\/wp\/v2\/media\/12487"}],"wp:attachment":[{"href":"https:\/\/www.notiflashmexiquense.com.mx\/index.php?rest_route=%2Fwp%2Fv2%2Fmedia&parent=12486"}],"wp:term":[{"taxonomy":"category","embeddable":true,"href":"https:\/\/www.notiflashmexiquense.com.mx\/index.php?rest_route=%2Fwp%2Fv2%2Fcategories&post=12486"},{"taxonomy":"post_tag","embeddable":true,"href":"https:\/\/www.notiflashmexiquense.com.mx\/index.php?rest_route=%2Fwp%2Fv2%2Ftags&post=12486"}],"curies":[{"name":"wp","href":"https:\/\/api.w.org\/{rel}","templated":true}]}}