{"id":12481,"date":"2023-04-16T01:40:50","date_gmt":"2023-04-16T01:40:50","guid":{"rendered":"https:\/\/www.notiflashmexiquense.com.mx\/?p=12481"},"modified":"2023-04-16T01:40:55","modified_gmt":"2023-04-16T01:40:55","slug":"atienden-policias-de-genero-a-adolescente-con-crisis-emocional","status":"publish","type":"post","link":"https:\/\/www.notiflashmexiquense.com.mx\/?p=12481","title":{"rendered":"ATIENDEN POLIC\u00cdAS DE G\u00c9NERO A ADOLESCENTE CON CRISIS EMOCIONAL"},"content":{"rendered":"\n<p>Una adolescente de 15 a\u00f1os que se encontraba en una crisis emocional y presuntamente intent\u00f3 saltar desde un puente vehicular de avenida Lomas Verdes, recibi\u00f3 atenci\u00f3n especializada de elementos de la Polic\u00eda de G\u00e9nero de Naucalpan, quienes localizaron a sus padres y la canalizaron para que se le brindara contenci\u00f3n psicol\u00f3gica.<\/p>\n\n\n\n<p>La Direcci\u00f3n General de Seguridad Ciudadana y Movilidad Segura inform\u00f3 que elementos de esta c\u00e9lula acudieron a v\u00eda Adolfo L\u00f3pez Mateos esquina Misiones de Santa Cruz, donde la menor de edad se encontraba bajo resguardo de oficiales municipales y era atendida por elementos de la Coordinaci\u00f3n Municipal de Protecci\u00f3n Civil y Bomberos<\/p>\n\n\n\n<p>Los param\u00e9dicos reportaron que la adolescente ten\u00eda signos vitales estables y no requer\u00eda atenci\u00f3n m\u00e9dica por lo que fue entrevistada por una polic\u00eda especializada, para recabar datos y localizar a su familia, posteriormente fue trasladada a las instalaciones de la C\u00e9lula de G\u00e9nero.<\/p>\n\n\n\n<p>Los elementos de g\u00e9nero ubicaron a una conocida de la joven, a trav\u00e9s de quien se contact\u00f3 con los padres, Iv\u00e1n y Beatriz de 40 y 32 a\u00f1os respectivamente, para que acudieran a las instalaciones de esta agrupaci\u00f3n policial.<\/p>\n\n\n\n<p>Luego de comprobar el parentesco, la menor de edad fue entregada a la familia, a la que se canaliz\u00f3 al \u00e1rea de atenci\u00f3n psicol\u00f3gica y al Instituto de las Mujeres Naucalpenses y la Igualdad Sustantiva, para su seguimiento.<\/p>\n\n\n\n<p>En otras acciones, polic\u00edas municipales detuvieron a dos sujetos como probables responsables de robo con violencia en acciones realizadas en las colonias Ahuizotla y El Chamizal. Ambos sujetos fueron presentados a la Fiscal\u00eda General de Justicia del Estado de M\u00e9xico para determinar su situaci\u00f3n jur\u00eddica.<\/p>\n","protected":false},"excerpt":{"rendered":"<p>Una adolescente de 15 a&ntilde;os que se encontraba en una crisis emocional y presuntamente intent&oacute;&#8230;<\/p>\n","protected":false},"author":1,"featured_media":12482,"comment_status":"closed","ping_status":"closed","sticky":false,"template":"","format":"standard","meta":{"footnotes":""},"categories":[45],"tags":[],"class_list":["post-12481","post","type-post","status-publish","format-standard","has-post-thumbnail","hentry","category-atizapan-de-zaragoza"],"_links":{"self":[{"href":"https:\/\/www.notiflashmexiquense.com.mx\/index.php?rest_route=\/wp\/v2\/posts\/12481","targetHints":{"allow":["GET"]}}],"collection":[{"href":"https:\/\/www.notiflashmexiquense.com.mx\/index.php?rest_route=\/wp\/v2\/posts"}],"about":[{"href":"https:\/\/www.notiflashmexiquense.com.mx\/index.php?rest_route=\/wp\/v2\/types\/post"}],"author":[{"embeddable":true,"href":"https:\/\/www.notiflashmexiquense.com.mx\/index.php?rest_route=\/wp\/v2\/users\/1"}],"replies":[{"embeddable":true,"href":"https:\/\/www.notiflashmexiquense.com.mx\/index.php?rest_route=%2Fwp%2Fv2%2Fcomments&post=12481"}],"version-history":[{"count":1,"href":"https:\/\/www.notiflashmexiquense.com.mx\/index.php?rest_route=\/wp\/v2\/posts\/12481\/revisions"}],"predecessor-version":[{"id":12483,"href":"https:\/\/www.notiflashmexiquense.com.mx\/index.php?rest_route=\/wp\/v2\/posts\/12481\/revisions\/12483"}],"wp:featuredmedia":[{"embeddable":true,"href":"https:\/\/www.notiflashmexiquense.com.mx\/index.php?rest_route=\/wp\/v2\/media\/12482"}],"wp:attachment":[{"href":"https:\/\/www.notiflashmexiquense.com.mx\/index.php?rest_route=%2Fwp%2Fv2%2Fmedia&parent=12481"}],"wp:term":[{"taxonomy":"category","embeddable":true,"href":"https:\/\/www.notiflashmexiquense.com.mx\/index.php?rest_route=%2Fwp%2Fv2%2Fcategories&post=12481"},{"taxonomy":"post_tag","embeddable":true,"href":"https:\/\/www.notiflashmexiquense.com.mx\/index.php?rest_route=%2Fwp%2Fv2%2Ftags&post=12481"}],"curies":[{"name":"wp","href":"https:\/\/api.w.org\/{rel}","templated":true}]}}