{"id":12463,"date":"2023-04-10T23:29:36","date_gmt":"2023-04-10T23:29:36","guid":{"rendered":"https:\/\/www.notiflashmexiquense.com.mx\/?p=12463"},"modified":"2023-04-10T23:29:39","modified_gmt":"2023-04-10T23:29:39","slug":"oapas-intensifica-acciones-para-promover-la-cultura-del-agua","status":"publish","type":"post","link":"https:\/\/www.notiflashmexiquense.com.mx\/?p=12463","title":{"rendered":"OAPAS INTENSIFICA ACCIONES PARA PROMOVER LA CULTURA DEL AGUA"},"content":{"rendered":"\n<p>\u2022 Contribuye a consolidar la participaci\u00f3n de la sociedad en el manejo y buen uso del agua.<\/p>\n\n\n\n<p>\u2022 Se proporciona a los vecinos valores, actitudes y h\u00e1bitos responsables sobre el manejo del recurso h\u00eddrico.<\/p>\n\n\n\n<p>En la actualidad, Naucalpan enfrenta dif\u00edciles condiciones de disponibilidad de agua<br>potable, por lo que se han intensificado las acciones para promover la cultura del agua para influir en diversos grupos sociales para establecer una relaci\u00f3n de respeto, cuidado, preservaci\u00f3n y uso sustentable del vital l\u00edquido.<\/p>\n\n\n\n<p>Alejandro Vences Mejia, director de OAPAS en coordinaci\u00f3n con la jefa de Cultura del Agua, Edith Granados tienen la certeza de qu\u00e9 a trav\u00e9s de diversas actividades en planteles educativos, zonas industriales y con agrupaciones vecinales se podr\u00e1 proporcionar a la sociedad valores, actitudes y h\u00e1bitos responsables sobre el manejo del recurso h\u00eddrico.<\/p>\n\n\n\n<p>\u201cEs necesario promover la cultura del agua para influir en los naucalpenses, a fin de establecer una relaci\u00f3n de respeto, cuidado y preservaci\u00f3n de este recurso natural\u201d, afirm\u00f3 Vences Mejia.<\/p>\n\n\n\n<p>Reconoci\u00f3 que la severidad de problemas ambientales, en especial los vinculados con temas h\u00eddricos, obligan a trabajar en su atenci\u00f3n y soluci\u00f3n con un car\u00e1cter<\/p>\n\n\n\n<p>permanente, no obstante limitantes presupuestales y program\u00e1ticas que impiden tener esa presencia constante e integral que se requiere.<\/p>\n\n\n\n<p>Por su parte, Edith Granados record\u00f3 que Naucalpan es de los pocos municipios que cuentan con un espacio para generar consciencia ambiental. Se refiri\u00f3 al Museo del Agua, donde los valores, actitudes, costumbres y h\u00e1bitos son transmitidos, ya sea tan s\u00f3lo a un individuo o a un grupo de personas para crear responsabilidad sobre el uso racional, la importancia del l\u00edquido para el desarrollo de todo ser vivo, la disponibilidad del recurso en su entorno y las acciones necesarias para obtenerla, distribuirla, desalojarla, limpiarla y reutilizarla.<\/p>\n\n\n\n<p>Esta cultura, indic\u00f3, lleva consigo el compromiso de valorar y preservar el recurso, utiliz\u00e1ndolo con responsabilidad en todas las actividades, en un esquema de desarrollo sustentable.<\/p>\n\n\n\n<p>Cultura del Agua, explic\u00f3, implementa acciones en esta materia y de educaci\u00f3n formal y no formal, con diversos objetivos y aproximaciones. La intenci\u00f3n es impulsar un cambio positivo y proactivo en la participaci\u00f3n individual y social en torno al uso sustentable del recurso h\u00eddrico, para no afectar a las siguientes generaciones.<\/p>\n\n\n\n<p>Con ello, contin\u00fao, se busca motivar a la poblaci\u00f3n para tomar actitudes que fomenten el uso responsable del recurso y crear consciencia sobre su importancia. Por otro lado, se fortalece el mensaje de que ciudadan\u00eda, gobierno y en general todos los sectores deben asumir la parte de responsabilidad que les toca en el cuidado y la preservaci\u00f3n del agua, de forma permanente.<\/p>\n\n\n\n<p>Alejandro Vences y Edith Granados coincidieron en se\u00f1alar que la Cultura del Agua es un componente importante que contribuye a consolidar la participaci\u00f3n de la sociedad en el manejo y buen uso del agua, a trav\u00e9s de la concentraci\u00f3n y promoci\u00f3n de acciones educativas y culturales.<\/p>\n","protected":false},"excerpt":{"rendered":"<p>&bull; Contribuye a consolidar la participaci&oacute;n de la sociedad en el manejo y buen uso&#8230;<\/p>\n","protected":false},"author":1,"featured_media":12464,"comment_status":"closed","ping_status":"closed","sticky":false,"template":"","format":"standard","meta":{"footnotes":""},"categories":[45],"tags":[],"class_list":["post-12463","post","type-post","status-publish","format-standard","has-post-thumbnail","hentry","category-atizapan-de-zaragoza"],"_links":{"self":[{"href":"https:\/\/www.notiflashmexiquense.com.mx\/index.php?rest_route=\/wp\/v2\/posts\/12463","targetHints":{"allow":["GET"]}}],"collection":[{"href":"https:\/\/www.notiflashmexiquense.com.mx\/index.php?rest_route=\/wp\/v2\/posts"}],"about":[{"href":"https:\/\/www.notiflashmexiquense.com.mx\/index.php?rest_route=\/wp\/v2\/types\/post"}],"author":[{"embeddable":true,"href":"https:\/\/www.notiflashmexiquense.com.mx\/index.php?rest_route=\/wp\/v2\/users\/1"}],"replies":[{"embeddable":true,"href":"https:\/\/www.notiflashmexiquense.com.mx\/index.php?rest_route=%2Fwp%2Fv2%2Fcomments&post=12463"}],"version-history":[{"count":1,"href":"https:\/\/www.notiflashmexiquense.com.mx\/index.php?rest_route=\/wp\/v2\/posts\/12463\/revisions"}],"predecessor-version":[{"id":12465,"href":"https:\/\/www.notiflashmexiquense.com.mx\/index.php?rest_route=\/wp\/v2\/posts\/12463\/revisions\/12465"}],"wp:featuredmedia":[{"embeddable":true,"href":"https:\/\/www.notiflashmexiquense.com.mx\/index.php?rest_route=\/wp\/v2\/media\/12464"}],"wp:attachment":[{"href":"https:\/\/www.notiflashmexiquense.com.mx\/index.php?rest_route=%2Fwp%2Fv2%2Fmedia&parent=12463"}],"wp:term":[{"taxonomy":"category","embeddable":true,"href":"https:\/\/www.notiflashmexiquense.com.mx\/index.php?rest_route=%2Fwp%2Fv2%2Fcategories&post=12463"},{"taxonomy":"post_tag","embeddable":true,"href":"https:\/\/www.notiflashmexiquense.com.mx\/index.php?rest_route=%2Fwp%2Fv2%2Ftags&post=12463"}],"curies":[{"name":"wp","href":"https:\/\/api.w.org\/{rel}","templated":true}]}}