{"id":12436,"date":"2023-04-02T20:35:11","date_gmt":"2023-04-02T20:35:11","guid":{"rendered":"https:\/\/www.notiflashmexiquense.com.mx\/?p=12436"},"modified":"2023-04-02T20:35:13","modified_gmt":"2023-04-02T20:35:13","slug":"supervisa-pedro-rodriguez-obra-del-deprimido-chiluca-se-abrira-a-la-circulacion-en-los-proximos-dias","status":"publish","type":"post","link":"https:\/\/www.notiflashmexiquense.com.mx\/?p=12436","title":{"rendered":"SUPERVISA PEDRO RODR\u00cdGUEZ OBRA DEL DEPRIMIDO CHILUCA; SE ABRIR\u00c1 A LA CIRCULACI\u00d3N EN LOS PR\u00d3XIMOS D\u00cdAS"},"content":{"rendered":"\n<p>El Presidente Municipal de Atizap\u00e1n de Zaragoza, Pedro Rodr\u00edguez Villegas, supervis\u00f3 los trabajos finales para la apertura, en los pr\u00f3ximos d\u00edas, de la obra magna de su Administraci\u00f3n: el Deprimido Chiluca, ubicado sobre la V\u00eda Dr. Jorge Jim\u00e9nez Cant\u00fa, en Zona Esmeralda.<\/p>\n\n\n\n<p>Con una inversi\u00f3n aproximada de 200 millones de pesos, este proyecto agilizar\u00e1 el tr\u00e1nsito y prevendr\u00e1 accidentes para los m\u00e1s de 250 mil habitantes de la zona poniente del Municipio que se dirijan al centro o sur del territorio. En este punto, durante las horas pico los automovilistas pod\u00edan demorar hasta 45 minutos en recorrer unos cuantos kil\u00f3metros, mientras que con esta obra se espera que el flujo vehicular sea constante y \u00e1gil en cualquier horario.<\/p>\n\n\n\n<p>De acuerdo con Rodr\u00edguez Villegas, este paso subterr\u00e1neo se inaugurar\u00e1 en los pr\u00f3ximos d\u00edas, pues ya cuenta con un 92% de avance con 183 millones de pesos ejercidos en su construcci\u00f3n.<\/p>\n\n\n\n<p>\u201cEstoy muy contento de anunciarles que al fin est\u00e1 por concluir esta obra que obviamente caus\u00f3 molestias a todas y todos ustedes, pero creo que todos deben estar conscientes de que los beneficios de esta obra ser\u00e1n para muchos muchos a\u00f1os para cada uno y sus familias\u201d, coment\u00f3 el Mun\u00edcipe a trav\u00e9s de un video publicado en sus redes sociales.<\/p>\n\n\n\n<p>El Deprimido Chiluca correr\u00e1 en una extensi\u00f3n lineal de 429 metros con dos carriles por sentido que guiar\u00e1n a los autom\u00f3viles que circulen en carriles centrales por un pasaje subterr\u00e1neo que les permitir\u00e1 avanzar sin obst\u00e1culos, a una velocidad moderada.<\/p>\n\n\n\n<p>Por otra parte, los veh\u00edculos que conduzcan en carriles laterales podr\u00e1n cambiar de sentido o dirigirse a otras calles por medio de una glorieta, embellecida con una fuente, que estar\u00e1 localizada en la parte superior del Deprimido.<\/p>\n\n\n\n<p>En palabras de Rodr\u00edguez Villegas esta obra insignia de su trienio fue posible gracias a la confianza y respaldo de los atizapenses, quienes apoyaron sus propuestas de Gobierno desde campa\u00f1a. Es as\u00ed que le fue posible destinar mil 350 millones de pesos para obras p\u00fablicas en lo que va de su gesti\u00f3n, inversi\u00f3n hist\u00f3rica que incluye proyectos como la repavimentaci\u00f3n de la zona conocida como El Tornillo, la creaci\u00f3n del Puente Elevado El Campanario y bacheo general en las calles del territorio.<\/p>\n","protected":false},"excerpt":{"rendered":"<p>El Presidente Municipal de Atizap&aacute;n de Zaragoza, Pedro Rodr&iacute;guez Villegas, supervis&oacute; los trabajos finales para&#8230;<\/p>\n","protected":false},"author":1,"featured_media":12438,"comment_status":"closed","ping_status":"closed","sticky":false,"template":"","format":"standard","meta":{"footnotes":""},"categories":[45],"tags":[],"class_list":["post-12436","post","type-post","status-publish","format-standard","has-post-thumbnail","hentry","category-atizapan-de-zaragoza"],"_links":{"self":[{"href":"https:\/\/www.notiflashmexiquense.com.mx\/index.php?rest_route=\/wp\/v2\/posts\/12436","targetHints":{"allow":["GET"]}}],"collection":[{"href":"https:\/\/www.notiflashmexiquense.com.mx\/index.php?rest_route=\/wp\/v2\/posts"}],"about":[{"href":"https:\/\/www.notiflashmexiquense.com.mx\/index.php?rest_route=\/wp\/v2\/types\/post"}],"author":[{"embeddable":true,"href":"https:\/\/www.notiflashmexiquense.com.mx\/index.php?rest_route=\/wp\/v2\/users\/1"}],"replies":[{"embeddable":true,"href":"https:\/\/www.notiflashmexiquense.com.mx\/index.php?rest_route=%2Fwp%2Fv2%2Fcomments&post=12436"}],"version-history":[{"count":1,"href":"https:\/\/www.notiflashmexiquense.com.mx\/index.php?rest_route=\/wp\/v2\/posts\/12436\/revisions"}],"predecessor-version":[{"id":12439,"href":"https:\/\/www.notiflashmexiquense.com.mx\/index.php?rest_route=\/wp\/v2\/posts\/12436\/revisions\/12439"}],"wp:featuredmedia":[{"embeddable":true,"href":"https:\/\/www.notiflashmexiquense.com.mx\/index.php?rest_route=\/wp\/v2\/media\/12438"}],"wp:attachment":[{"href":"https:\/\/www.notiflashmexiquense.com.mx\/index.php?rest_route=%2Fwp%2Fv2%2Fmedia&parent=12436"}],"wp:term":[{"taxonomy":"category","embeddable":true,"href":"https:\/\/www.notiflashmexiquense.com.mx\/index.php?rest_route=%2Fwp%2Fv2%2Fcategories&post=12436"},{"taxonomy":"post_tag","embeddable":true,"href":"https:\/\/www.notiflashmexiquense.com.mx\/index.php?rest_route=%2Fwp%2Fv2%2Ftags&post=12436"}],"curies":[{"name":"wp","href":"https:\/\/api.w.org\/{rel}","templated":true}]}}