{"id":12431,"date":"2023-04-02T08:37:38","date_gmt":"2023-04-02T08:37:38","guid":{"rendered":"https:\/\/www.notiflashmexiquense.com.mx\/?p=12431"},"modified":"2023-04-02T08:41:09","modified_gmt":"2023-04-02T08:41:09","slug":"fernando-de-la-mora-engalana-con-orquesta-sinfonica-mariachi-coro-y-el-trio-los-panchos-la-penultima-noche-de-atzan-2023-en-atizapan-de-zaragoza","status":"publish","type":"post","link":"https:\/\/www.notiflashmexiquense.com.mx\/?p=12431","title":{"rendered":"FERNANDO DE LA MORA ENGALANA CON ORQUESTA SINF\u00d3NICA, MARIACHI, CORO Y EL TR\u00cdO LOS PANCHOS LA PEN\u00daLTIMA NOCHE DE ATZ\u00c1N 2023, EN ATIZAP\u00c1N DE ZARAGOZA"},"content":{"rendered":"\n<p>El reconocido tenor mexicano Fernando de la Mora engalan\u00f3 con su presencia y un gran concierto la novena noche del Festival Internacional de las Artes Atz\u00e1n 2023, Edici\u00f3n Intermunicipal, en Atizap\u00e1n de Zaragoza.<\/p>\n\n\n\n<p>El amor que le tiene a M\u00e9xico lo comparti\u00f3 con los 5 mil asistentes que acudieron al escenario principal de esta fiesta cultural.<\/p>\n\n\n\n<p>\u201cQu\u00e9 privilegio regresar a Atizap\u00e1n. Ya me hac\u00eda falta\u201d, fueron sus primeras palabras.<\/p>\n\n\n\n<p>As\u00ed, acompa\u00f1ada de la Orquesta Sinf\u00f3nica de Atizap\u00e1n de Zaragoza, dirigida por el Maestro Rodrigo Mac\u00edas, adem\u00e1s de algunos integrantes de la Orquesta Sinf\u00f3nica de Tlalnepantla -atendiendo el esp\u00edritu Intermunicipal del Festival Atz\u00e1n-, de la Orquesta Sinf\u00f3nica Nacional, de la del Instituto Polit\u00e9cnico Nacional, y del Coro Branshala -del director Manuel Flores- la potente voz del cantante y actor oper\u00edstico sedujo a las y los asistentes con m\u00e1s de 30 piezas musicales.<\/p>\n\n\n\n<p>La celebraci\u00f3n inici\u00f3 con la magia del aria oper\u00edstica \u201cNon ti Scordar di me\u201d.<\/p>\n\n\n\n<p>Apenas, despu\u00e9s de la primera interpretaci\u00f3n, hubo aplausos que parec\u00edan interminables.<\/p>\n\n\n\n<p>El espect\u00e1culo continu\u00f3 con el medley napolitano que incluy\u00f3 cuatro temas: \u201cO Sole Mio\u201d, \u201cDicitencello Vuie\u201d, \u201cTorna a Surriento\u201d y \u201cFuniculi Funicula\u201d.<\/p>\n\n\n\n<p>Y el \u00e1nimo aument\u00f3 con la invitaci\u00f3n que el tenor hizo a su p\u00fablico para cantar juntos.<\/p>\n\n\n\n<p>A coro disfrutaron un popurr\u00ed de canciones mexicanas: \u201cCuando vuelva a tu lado\u201d, \u201cMucho coraz\u00f3n\u201d, \u201cHay que saber perder\u201d y \u201cGranada\u201d.<\/p>\n\n\n\n<p>\u201cQu\u00e9 bonito cantan en Atizap\u00e1n\u201d, asegur\u00f3 en medio de un fondo con faroles y colores del folclor mexicano.<\/p>\n\n\n\n<p>Y entre esta c\u00e1lida atm\u00f3sfera llegaron los boleros. Pero, antes, el tenor hizo un anuncio: la llegada al escenario del Tr\u00edo Los Panchos, quienes hicieron la invitaci\u00f3n al p\u00fablico a ponerse m\u00e1s rom\u00e1ntico.<\/p>\n\n\n\n<p>\u201cSin ti\u201d, \u201cContigo\u201d, \u201cPerfidia\u201d, \u201cReloj\u201d, \u201cFlor de Azalea\u201d, \u201cHistoria de amor\u201d y \u201cNereidas\u201d, con el Maestro Gonzalo Romeo, confirmaron la dulzura de la noche.<\/p>\n\n\n\n<p>\u201cEl siguiente compositor merecer\u00eda un concierto completo como homenaje: Armando Manzanero, gracias por tu talento y por haberlo plasmado en estas canciones\u201d, fueron palabras del cantante.<\/p>\n\n\n\n<p>E interpret\u00f3 temas del compositor mexicano fallecido en el 2020. Sonaron tambi\u00e9n \u00e9xitos acompa\u00f1ados de orquesta para la cual pidi\u00f3 un gran aplauso.<\/p>\n\n\n\n<p>\u201cFernando, Fernando\u201d ovacionaba el p\u00fablico de pie.<\/p>\n\n\n\n<p>\u201c\u00a1Que venga el mariachi, se\u00f1ores!\u201d, respondi\u00f3 el tenor a la emoci\u00f3n de su p\u00fablico.<\/p>\n\n\n\n<p>Y \u201cEl Son de la Negra\u201d se dej\u00f3 sentir con el \u201cMariachi Juvenil de Tecalitl\u00e1n\u201d, mientras la estrella de la noche reapareci\u00f3 para interpretar \u201cSi nos dejan\u201d y luego record\u00f3 a Pedro Infante con \u201cCien a\u00f1os\u201d.<\/p>\n\n\n\n<p>En el foro principal del Festival Atz\u00e1n no ces\u00f3 la fiesta con mariachi y con una de las voces m\u00e1s privilegiadas de M\u00e9xico. Siguieron con las infaltables \u201cMar\u00eda Chuchena\u201d, \u201cEl Cascabel\u201d, \u201cLa Bikina\u201d, \u201cElla\u201d y\u2026 los mariachis callaron. Vino \u201cPaloma Negra\u201d y continu\u00f3 la orquesta para interpretar a cantantes contempor\u00e1neos: \u201cSi no te hubieras ido\u201d, de Marco Antonio Sol\u00eds; \u201cSecreto de amor\u201d, de Joan Sebastian, y \u201cHasta que te conoc\u00ed\u201d de Juan Gabriel.<\/p>\n\n\n\n<p>Como parte de su presentaci\u00f3n, el Presidente Municipal, Pedro Rodr\u00edguez Villegas, acompa\u00f1ado de la Presidenta del Sistema DIF Municipal, Patricia Ar\u00e9valo Rubio; de Lilia Cedillo, D\u00e9cima Regidora, y de Rosal\u00eda Teodoro, Octava Regidora, subi\u00f3 al escenario para entregar a Fernando de la Mora y al Maestro Rodrigo Mac\u00edas un reconocimiento y una estatuilla de la Diosa de las Artes Atz\u00e1n.<\/p>\n\n\n\n<p>\u201cEstoy doblemente contento. Primero, por el hecho de tener a este tenor acompa\u00f1\u00e1ndonos el d\u00eda de hoy, es una persona muy especial para nosotros, un gran cantante y nos enorgullece que est\u00e9s aqu\u00ed en nuestro Festival Atz\u00e1n. El otro gran gusto que tengo es poder compartir este gran momento, que tengas esa sencillez de haber permitido que nuestra Orquesta Sinf\u00f3nica y nuestros j\u00f3venes participaran contigo. Muchas gracias\u201d, celebr\u00f3 el Edil.<\/p>\n\n\n\n<p>Y despu\u00e9s el j\u00fabilo se apoder\u00f3 del foro por la fusi\u00f3n de la voz, el mariachi, la orquesta, el Coro Branshala y el Tr\u00edo Los Panchos que juntos interpretaron \u201cM\u00e9xico lindo y querido\u201d; con una fiesta de color sobre los asistentes lleg\u00f3 \u201cViva M\u00e9xico\u201d.<\/p>\n\n\n\n<p>\u201c\u00a1Y viva Atizap\u00e1n de Zaragoza!\u201d, celebr\u00f3 el tenor.<\/p>\n\n\n\n<p>Sin embargo, como en todo, hubo un l\u00edmite de tiempo y, luego de 135 minutos de m\u00fasica y aplausos, el concierto termin\u00f3.<\/p>\n\n\n\n<p>Fernando de la Mora es originario de la Ciudad de M\u00e9xico. En 1986 debut\u00f3 en el Palacio de Bellas Artes y despu\u00e9s inici\u00f3 sus actuaciones en los escenarios m\u00e1s importantes del mundo, como el Metropolitan \u00d3pera de Nueva York, la \u00d3pera de Viena, y escenarios de Barcelona, Mosc\u00fa, Berl\u00edn, Bolonia, Mil\u00e1n, San Diego, Par\u00eds, Jap\u00f3n, Venecia, Estocolmo, Buenos Aires, Miami, Pittsburgh, Caracas, Dallas, Seattle, Bogot\u00e1, Marsella, Puerto Rico y Corea.<\/p>\n\n\n\n<p>Gracias a su calidad interpretativa, ha compartido el escenario con cantantes representativos de la m\u00fasica mexicana, como Lola Beltr\u00e1n, Mar\u00eda de Lourdes, A\u00edda Cuevas, el Tr\u00edo Los Panchos y Armando Manzanero, as\u00ed como con artistas de talla internacional, entre ellos Celia Cruz, Luciano Pavarotti, Edita Gruberova, Youngok Shin, Leo Nucci, Renata Scotto, Pl\u00e1cido Domingo y Piero Cappucilli.<\/p>\n\n\n\n<p>A la fecha supera ya las 1,700 presentaciones y en Atizap\u00e1n de Zaragoza dej\u00f3 un recuerdo inolvidable en el p\u00fablico que se congreg\u00f3 para formar parte del Festival Atz\u00e1n 2023.<\/p>\n","protected":false},"excerpt":{"rendered":"<p>https:\/\/youtu.be\/DuUG5I78EiA<\/p>\n","protected":false},"author":1,"featured_media":12433,"comment_status":"closed","ping_status":"closed","sticky":false,"template":"","format":"standard","meta":{"footnotes":""},"categories":[45],"tags":[],"class_list":["post-12431","post","type-post","status-publish","format-standard","has-post-thumbnail","hentry","category-atizapan-de-zaragoza"],"_links":{"self":[{"href":"https:\/\/www.notiflashmexiquense.com.mx\/index.php?rest_route=\/wp\/v2\/posts\/12431","targetHints":{"allow":["GET"]}}],"collection":[{"href":"https:\/\/www.notiflashmexiquense.com.mx\/index.php?rest_route=\/wp\/v2\/posts"}],"about":[{"href":"https:\/\/www.notiflashmexiquense.com.mx\/index.php?rest_route=\/wp\/v2\/types\/post"}],"author":[{"embeddable":true,"href":"https:\/\/www.notiflashmexiquense.com.mx\/index.php?rest_route=\/wp\/v2\/users\/1"}],"replies":[{"embeddable":true,"href":"https:\/\/www.notiflashmexiquense.com.mx\/index.php?rest_route=%2Fwp%2Fv2%2Fcomments&post=12431"}],"version-history":[{"count":2,"href":"https:\/\/www.notiflashmexiquense.com.mx\/index.php?rest_route=\/wp\/v2\/posts\/12431\/revisions"}],"predecessor-version":[{"id":12435,"href":"https:\/\/www.notiflashmexiquense.com.mx\/index.php?rest_route=\/wp\/v2\/posts\/12431\/revisions\/12435"}],"wp:featuredmedia":[{"embeddable":true,"href":"https:\/\/www.notiflashmexiquense.com.mx\/index.php?rest_route=\/wp\/v2\/media\/12433"}],"wp:attachment":[{"href":"https:\/\/www.notiflashmexiquense.com.mx\/index.php?rest_route=%2Fwp%2Fv2%2Fmedia&parent=12431"}],"wp:term":[{"taxonomy":"category","embeddable":true,"href":"https:\/\/www.notiflashmexiquense.com.mx\/index.php?rest_route=%2Fwp%2Fv2%2Fcategories&post=12431"},{"taxonomy":"post_tag","embeddable":true,"href":"https:\/\/www.notiflashmexiquense.com.mx\/index.php?rest_route=%2Fwp%2Fv2%2Ftags&post=12431"}],"curies":[{"name":"wp","href":"https:\/\/api.w.org\/{rel}","templated":true}]}}