{"id":12425,"date":"2023-04-01T22:15:55","date_gmt":"2023-04-01T22:15:55","guid":{"rendered":"https:\/\/www.notiflashmexiquense.com.mx\/?p=12425"},"modified":"2023-04-01T22:16:02","modified_gmt":"2023-04-01T22:16:02","slug":"abren-comedor-comunitario-en-san-jose-de-los-leones","status":"publish","type":"post","link":"https:\/\/www.notiflashmexiquense.com.mx\/?p=12425","title":{"rendered":"ABREN COMEDOR COMUNITARIO EN SAN JOS\u00c9 DE LOS LEONES"},"content":{"rendered":"\n<p>El gobierno de Naucalpan puso en marcha el Programa Piloto de Comedores Comunitarios en San Jos\u00e9 de los Leones Tercera Secci\u00f3n, donde se brindar\u00e1n diariamente 120 desayunos y comidas a un costo de 20 pesos a la poblaci\u00f3n vulnerable de esta colonia y comunidades cercanas de atenci\u00f3n prioritaria.<\/p>\n\n\n\n<p>Durante la inauguraci\u00f3n del comedor, el director general de Desarrollo Social, Gustavo Parra S\u00e1nchez, se\u00f1al\u00f3 el inter\u00e9s de la alcaldesa Ang\u00e9lica Moya Mar\u00edn por establecer las bases para dignificar la vida de los naucalpenses sobre todo, tras la pandemia, el desempleo y la consecuente crisis econ\u00f3mica mundial.<\/p>\n\n\n\n<p>\u201cDespu\u00e9s de un a\u00f1o financiero muy dif\u00edcil para el gobierno municipal, porque la administraci\u00f3n anterior nos dej\u00f3 en bancarrota, se abre a la poblaci\u00f3n este espacio que diariamente brindar\u00e1 alrededor de 120 desayunos y comidas a habitantes de esta comunidad, Valle Dorado, La Mancha, La Tolva, Centenario, entre otras lim\u00edtrofes de atenci\u00f3n prioritaria\u201d, expres\u00f3 el funcionario.<\/p>\n\n\n\n<p>En compa\u00f1\u00eda de Tania Torres Herrera, representante de la directora del DIF Naucalpan, Cynthia Elizondo, Gustavo Parra se\u00f1al\u00f3 que de la mano de los vecinos que participan en el Comit\u00e9 Comunitario de Pobreza Alimentaria de San Jos\u00e9 de Los Leones se pudo concretar este comedor cuya administraci\u00f3n est\u00e1 a cargo de la Direcci\u00f3n General de Desarrollo Social.<\/p>\n\n\n\n<p>Explic\u00f3 que el lugar era un garaje y una bodega abandonados cuyos due\u00f1os lo prestaron a trav\u00e9s de un contrato de comodato; el organismo de agua municipal (OAPAS) apoy\u00f3 con suministro del l\u00edquido y el drenaje, en tanto el DIF Naucalpan con la capacitaci\u00f3n del personal en la preparaci\u00f3n de alimentos, donaci\u00f3n de todo el mobiliario, electrodom\u00e9sticos, utensilios e insumos.<\/p>\n\n\n\n<p>La cuota de recuperaci\u00f3n de 20 pesos por comida se estableci\u00f3 para que el proyecto sea autosustentable y se contin\u00fae apoyando a las personas en condici\u00f3n de vulnerabilidad.<\/p>\n\n\n\n<p>\u201cEn Naucalpan tenemos una presidenta municipal ejemplar que est\u00e1 trabajando por sus habitantes. En Naucalpan vamos por m\u00e1s, como Desarrollo Social tenemos el proyecto de rescatar alimentos en buen estado que se van a la basura, pues en el municipio se tiran cerca de 45 toneladas de comida al mes\u201d, expuso Parra S\u00e1nchez.<\/p>\n\n\n\n<p>El comedor comunitario se ubica en la calle Vicente Guerrero 2, en la colonia San Jos\u00e9 de los Leones Tercera Secci\u00f3n; abre de lunes a viernes de 9 a 12 horas para servir desayunos y de 12 a 17 horas, las comidas.<\/p>\n\n\n\n<p>En el corte de list\u00f3n del comedor comunitario estuvieron presentes: la regidora Paulina P\u00e9rez Gonz\u00e1lez y servidores p\u00fablicos del Instituto de las Mujeres Naucalpenses y la Igualdad Sustantiva y de la Direcci\u00f3n General de Desarrollo Social, as\u00ed como la familia Carrasco S\u00e1nchez, encargada del comedor; el presidente del Copaci, Jos\u00e9 Maciel Montes, y el delegado de la colonia La Punta, Alejandro Apolinar Guadalupe.<\/p>\n","protected":false},"excerpt":{"rendered":"<p>El gobierno de Naucalpan puso en marcha el Programa Piloto de Comedores Comunitarios en San&#8230;<\/p>\n","protected":false},"author":1,"featured_media":12426,"comment_status":"closed","ping_status":"closed","sticky":false,"template":"","format":"standard","meta":{"footnotes":""},"categories":[45],"tags":[],"class_list":["post-12425","post","type-post","status-publish","format-standard","has-post-thumbnail","hentry","category-atizapan-de-zaragoza"],"_links":{"self":[{"href":"https:\/\/www.notiflashmexiquense.com.mx\/index.php?rest_route=\/wp\/v2\/posts\/12425","targetHints":{"allow":["GET"]}}],"collection":[{"href":"https:\/\/www.notiflashmexiquense.com.mx\/index.php?rest_route=\/wp\/v2\/posts"}],"about":[{"href":"https:\/\/www.notiflashmexiquense.com.mx\/index.php?rest_route=\/wp\/v2\/types\/post"}],"author":[{"embeddable":true,"href":"https:\/\/www.notiflashmexiquense.com.mx\/index.php?rest_route=\/wp\/v2\/users\/1"}],"replies":[{"embeddable":true,"href":"https:\/\/www.notiflashmexiquense.com.mx\/index.php?rest_route=%2Fwp%2Fv2%2Fcomments&post=12425"}],"version-history":[{"count":1,"href":"https:\/\/www.notiflashmexiquense.com.mx\/index.php?rest_route=\/wp\/v2\/posts\/12425\/revisions"}],"predecessor-version":[{"id":12427,"href":"https:\/\/www.notiflashmexiquense.com.mx\/index.php?rest_route=\/wp\/v2\/posts\/12425\/revisions\/12427"}],"wp:featuredmedia":[{"embeddable":true,"href":"https:\/\/www.notiflashmexiquense.com.mx\/index.php?rest_route=\/wp\/v2\/media\/12426"}],"wp:attachment":[{"href":"https:\/\/www.notiflashmexiquense.com.mx\/index.php?rest_route=%2Fwp%2Fv2%2Fmedia&parent=12425"}],"wp:term":[{"taxonomy":"category","embeddable":true,"href":"https:\/\/www.notiflashmexiquense.com.mx\/index.php?rest_route=%2Fwp%2Fv2%2Fcategories&post=12425"},{"taxonomy":"post_tag","embeddable":true,"href":"https:\/\/www.notiflashmexiquense.com.mx\/index.php?rest_route=%2Fwp%2Fv2%2Ftags&post=12425"}],"curies":[{"name":"wp","href":"https:\/\/api.w.org\/{rel}","templated":true}]}}