{"id":12414,"date":"2023-04-01T07:45:51","date_gmt":"2023-04-01T07:45:51","guid":{"rendered":"https:\/\/www.notiflashmexiquense.com.mx\/?p=12414"},"modified":"2023-04-01T07:48:44","modified_gmt":"2023-04-01T07:48:44","slug":"mijares-el-soldado-del-amor-conquista-a-miles-de-fanaticos-en-el-festival-atzan-2023-en-atizapan-de-zaragoza","status":"publish","type":"post","link":"https:\/\/www.notiflashmexiquense.com.mx\/?p=12414","title":{"rendered":"MIJARES, EL \u00abSOLDADO DEL AMOR\u00bb, CONQUISTA A MILES DE FAN\u00c1TICOS EN EL FESTIVAL ATZ\u00c1N 2023, EN ATIZAP\u00c1N DE ZARAGOZA"},"content":{"rendered":"\n<p>Manuel Mijares, uno de los int\u00e9rpretes mexicanos m\u00e1s reconocidos a nivel nacional e internacional, uni\u00f3 con sus canciones en una sola voz a los m\u00e1s de 12 mil asistentes al concierto que ofreci\u00f3 en Atizap\u00e1n de Zaragoza, como parte de las actividades del Festival Internacional de las Artes Atz\u00e1n\u00a02023, Edici\u00f3n Intermunicipal.<\/p>\n\n\n\n<p>El concierto inici\u00f3 a las 20:08 horas, en medio de las luces del montaje que dejaron atr\u00e1s la oscuridad.<\/p>\n\n\n\n<p>El int\u00e9rprete camin\u00f3 hacia el escenario luciendo un saco negro aterciopelado y se acerc\u00f3 a sus fan\u00e1ticos para arrancar los&nbsp;gritos que hicieron vibrar esta m\u00e1gica velada.<\/p>\n\n\n\n<p>\u00abSi me enamoro\u00bb fue la primera carta fuerte con la que el cantante y sus m\u00fasicos se hicieron de una gran complicidad para deleitar al p\u00fablico.&nbsp;<\/p>\n\n\n\n<p>La presentaci\u00f3n avanz\u00f3 con \u00abNo se Muri\u00f3 el Amor\u201d.<\/p>\n\n\n\n<p>\u201cEstamos muy contentos de estar aqu\u00ed en Atizap\u00e1n de Zaragoza, agradezco mucho al Presidente Municipal, Pedro Rodr\u00edguez Villegas, por invitarnos a este Festival Internacional de las Artes. Esto es con mucho cari\u00f1o\u201d, dijo Mijares, quien surgi\u00f3 como artista en 1981 tras darse a conocer en el festival Valores Juveniles.<\/p>\n\n\n\n<p>Despu\u00e9s, el pop se apoder\u00f3 del escenario con temas como \u201cCoraz\u00f3n Salvaje\u201d, \u201cPoco a Poco\u201d, \u201cTan solo\u201d, Me acordar\u00e9 de ti\u201d, \u201cSiempre\u201d y \u201cQue nada nos separe\u201d. Y lleg\u00f3 otra de sus joyas: \u00abBa\u00f1o de Mujeres\u00bb.<\/p>\n\n\n\n<p>La fiesta sigui\u00f3 con \u00abPara Vivir\u00bb y \u201cOjal\u00e1\u201d.<\/p>\n\n\n\n<p>Pero tras el \u201cBreve Espacio\u201d, vino el momento m\u00e1s rom\u00e1ntico, con sus exitosos temas \u00abSi me ten\u00edas\u00bb, \u201cUn buen Perdedor\u201d y \u201cA d\u00f3nde vamos a parar\u201d, este \u00faltimo en una combinaci\u00f3n en video y con la voz de Marco Antonio Sol\u00eds \u201cEl Buki\u201d. Tambi\u00e9n interpret\u00f3 \u201cCielo\u201d, de Christian Castro.<\/p>\n\n\n\n<p>Pero\u2026 \u201cSoldado del Amor\u201d fue el tema que reivindic\u00f3 el \u00e9xito de Mijares y el amor que le tienen sus fans. Igualmente coreadas fueron \u201cBella\u201d y \u201cUna entre mil\u201d, \u201cNo podr\u00e1s\u201d y \u201cEs mejor as\u00ed\u201d.<\/p>\n\n\n\n<p>Luego de 90 minutos de concierto, parec\u00eda que el int\u00e9rprete cerraba con broche de oro su presentaci\u00f3n.<\/p>\n\n\n\n<p>Por su participaci\u00f3n en el Festival, el Presidente Municipal, Pedro Rodr\u00edguez Villegas, subi\u00f3 al escenario acompa\u00f1ado de la Presidenta del Sistema DIF Municipal, Patricia Ar\u00e9valo Rubio, y de miembros del Cabildo para entregarle al cantante un reconocimiento y una estatuilla representativa de la Diosa de las Artes, Atz\u00e1n.<\/p>\n\n\n\n<p>\u00abMe da mucho ver a tantas familias reunidas disfrutando este festival, no nada m\u00e1s el mejor del Estado de M\u00e9xico, sino que ya es un referente a nivel nacional\u201d, record\u00f3 el Alcalde.<\/p>\n\n\n\n<p>Y, tras la entrega del reconocimiento, Mijares, con su potente voz, \u00abacarici\u00f3\u00bb a sus fan\u00e1ticos con \u201cPara amarnos m\u00e1s\u201d.<\/p>\n\n\n\n<p>Luego, se hizo presente la petici\u00f3n especial: al grito de \u00abotra, otra\u00bb, el final lleg\u00f3 con \u201cEl Privilegio de Amar\u201d, uno de los temas m\u00e1s coreados y con el que Mijares se despidi\u00f3 de Atizap\u00e1n de Zaragoza en el octavo d\u00eda del Festival Internacional de las Artes Atz\u00e1n 2023, Edici\u00f3n Intermunicipal.<\/p>\n","protected":false},"excerpt":{"rendered":"<p>https:\/\/youtu.be\/of6W6xALP2c<\/p>\n","protected":false},"author":1,"featured_media":12415,"comment_status":"closed","ping_status":"closed","sticky":false,"template":"","format":"standard","meta":{"footnotes":""},"categories":[45],"tags":[],"class_list":["post-12414","post","type-post","status-publish","format-standard","has-post-thumbnail","hentry","category-atizapan-de-zaragoza"],"_links":{"self":[{"href":"https:\/\/www.notiflashmexiquense.com.mx\/index.php?rest_route=\/wp\/v2\/posts\/12414","targetHints":{"allow":["GET"]}}],"collection":[{"href":"https:\/\/www.notiflashmexiquense.com.mx\/index.php?rest_route=\/wp\/v2\/posts"}],"about":[{"href":"https:\/\/www.notiflashmexiquense.com.mx\/index.php?rest_route=\/wp\/v2\/types\/post"}],"author":[{"embeddable":true,"href":"https:\/\/www.notiflashmexiquense.com.mx\/index.php?rest_route=\/wp\/v2\/users\/1"}],"replies":[{"embeddable":true,"href":"https:\/\/www.notiflashmexiquense.com.mx\/index.php?rest_route=%2Fwp%2Fv2%2Fcomments&post=12414"}],"version-history":[{"count":2,"href":"https:\/\/www.notiflashmexiquense.com.mx\/index.php?rest_route=\/wp\/v2\/posts\/12414\/revisions"}],"predecessor-version":[{"id":12417,"href":"https:\/\/www.notiflashmexiquense.com.mx\/index.php?rest_route=\/wp\/v2\/posts\/12414\/revisions\/12417"}],"wp:featuredmedia":[{"embeddable":true,"href":"https:\/\/www.notiflashmexiquense.com.mx\/index.php?rest_route=\/wp\/v2\/media\/12415"}],"wp:attachment":[{"href":"https:\/\/www.notiflashmexiquense.com.mx\/index.php?rest_route=%2Fwp%2Fv2%2Fmedia&parent=12414"}],"wp:term":[{"taxonomy":"category","embeddable":true,"href":"https:\/\/www.notiflashmexiquense.com.mx\/index.php?rest_route=%2Fwp%2Fv2%2Fcategories&post=12414"},{"taxonomy":"post_tag","embeddable":true,"href":"https:\/\/www.notiflashmexiquense.com.mx\/index.php?rest_route=%2Fwp%2Fv2%2Ftags&post=12414"}],"curies":[{"name":"wp","href":"https:\/\/api.w.org\/{rel}","templated":true}]}}