{"id":12411,"date":"2023-04-01T05:00:57","date_gmt":"2023-04-01T05:00:57","guid":{"rendered":"https:\/\/www.notiflashmexiquense.com.mx\/?p=12411"},"modified":"2023-04-01T05:01:00","modified_gmt":"2023-04-01T05:01:00","slug":"estancias-infantiles-en-tlalnepantla-son-rehabilitadas-de-manera-integral-en-beneficio-de-la-ninez","status":"publish","type":"post","link":"https:\/\/www.notiflashmexiquense.com.mx\/?p=12411","title":{"rendered":"ESTANCIAS INFANTILES EN TLALNEPANTLA SON REHABILITADAS DE MANERA INTEGRAL EN BENEFICIO DE LA NI\u00d1EZ"},"content":{"rendered":"\n<p>\u25cf Se invirtieron m\u00e1s de 12 MDP en los diferentes trabajos<br>\u25cf Dignificar todos los espacios p\u00fablicos es una prioridad del actual gobierno<\/p>\n\n\n\n<p><em>Tlalnepantla de Baz, Estado de M\u00e9xico, a 31 de marzo de 2023.-<\/em> 16 estancias infantiles fueron intervenidas en Tlalnepantla para mejorar las condiciones de atenci\u00f3n pedag\u00f3gica y tener espacios decorosos para ni\u00f1os y ni\u00f1as. Una de las acciones de este gobierno es generar acciones que beneficien a la poblaci\u00f3n y una de las pol\u00edticas p\u00fablicas que se ha implementado es rescatar los diferentes espacios que se han dejado en el abandono o necesitan ser intervenidos de manera urgente.<\/p>\n\n\n\n<p>A trav\u00e9s del DIF Municipal, que encabeza la presidenta honorar\u00eda, Mar\u00eda G\u00f3mez Mart\u00ednez, el gobierno de Tlalnepantla busca recuperar la totalidad de las Estancias Infantiles y Centros de Desarrollo Comunitario, a fin de brindar una mejor calidad en el cuidado de ni\u00f1as y ni\u00f1os, al tiempo de ser un apoyo para mam\u00e1s y pap\u00e1s, los cuales tengan la absoluta confianza que sus hijos asisten a lugares dignos.<\/p>\n\n\n\n<p>Acompa\u00f1ado de Mar\u00eda G\u00f3mez, Tony Rodr\u00edguez expres\u00f3, \u201cLo que buscamos es darles calidez, darles atenci\u00f3n, darles acompa\u00f1amiento y un respaldo, darles la mano para que ustedes puedan desarrollar sus actividades personales, para que puedan favorecer y atender a su familia por eso para nosotros el hecho de que existan estas estancias y que hoy nuevamente tengan esta funci\u00f3n que se hab\u00eda dejado de hacer, nosotros creemos que las mam\u00e1s que hacen la funci\u00f3n de padre y madre o las mam\u00e1s que tienen que salir a trabajar junto con su pareja a buscar mejores condiciones de vida, tenemos que darles una mejor opci\u00f3n\u201d.<\/p>\n\n\n\n<p>Desde las estancias infantiles Jaime Sabines y posteriormente en la estancia Madre Teresa de Calcuta, Tony Rodr\u00edguez v\u00eda remota se conect\u00f3 con los dem\u00e1s centros beneficiados, hasta donde acudieron directores de la administraci\u00f3n en representaci\u00f3n del edil.<\/p>\n\n\n\n<p>Diferentes empresas desarrolladoras se han sumado a estos trabajos los cuales continuar\u00e1n hasta completar la totalidad de estancias que existen dentro del territorio municipal.<\/p>\n\n\n\n<p>Algunos de los trabajos que se realizaron fueron: colocaci\u00f3n de malla cicl\u00f3nica, restauraci\u00f3n de ba\u00f1os y cambio de mobiliario, reparaci\u00f3n de puertas, cambio de plafones, trabajos de alba\u00f1iler\u00eda, electricidad y plomer\u00eda, impermeabilizaci\u00f3n, colocaci\u00f3n de nuevas luminarias, colocaci\u00f3n de pel\u00edcula antiestallante en vidrios, aplicaci\u00f3n de pintura vin\u00edlica y pintura esmalte.<\/p>\n","protected":false},"excerpt":{"rendered":"<p>&#9679; Se invirtieron m&aacute;s de 12 MDP en los diferentes trabajos&#9679; Dignificar todos los espacios&#8230;<\/p>\n","protected":false},"author":1,"featured_media":12412,"comment_status":"closed","ping_status":"closed","sticky":false,"template":"","format":"standard","meta":{"footnotes":""},"categories":[45],"tags":[],"class_list":["post-12411","post","type-post","status-publish","format-standard","has-post-thumbnail","hentry","category-atizapan-de-zaragoza"],"_links":{"self":[{"href":"https:\/\/www.notiflashmexiquense.com.mx\/index.php?rest_route=\/wp\/v2\/posts\/12411","targetHints":{"allow":["GET"]}}],"collection":[{"href":"https:\/\/www.notiflashmexiquense.com.mx\/index.php?rest_route=\/wp\/v2\/posts"}],"about":[{"href":"https:\/\/www.notiflashmexiquense.com.mx\/index.php?rest_route=\/wp\/v2\/types\/post"}],"author":[{"embeddable":true,"href":"https:\/\/www.notiflashmexiquense.com.mx\/index.php?rest_route=\/wp\/v2\/users\/1"}],"replies":[{"embeddable":true,"href":"https:\/\/www.notiflashmexiquense.com.mx\/index.php?rest_route=%2Fwp%2Fv2%2Fcomments&post=12411"}],"version-history":[{"count":1,"href":"https:\/\/www.notiflashmexiquense.com.mx\/index.php?rest_route=\/wp\/v2\/posts\/12411\/revisions"}],"predecessor-version":[{"id":12413,"href":"https:\/\/www.notiflashmexiquense.com.mx\/index.php?rest_route=\/wp\/v2\/posts\/12411\/revisions\/12413"}],"wp:featuredmedia":[{"embeddable":true,"href":"https:\/\/www.notiflashmexiquense.com.mx\/index.php?rest_route=\/wp\/v2\/media\/12412"}],"wp:attachment":[{"href":"https:\/\/www.notiflashmexiquense.com.mx\/index.php?rest_route=%2Fwp%2Fv2%2Fmedia&parent=12411"}],"wp:term":[{"taxonomy":"category","embeddable":true,"href":"https:\/\/www.notiflashmexiquense.com.mx\/index.php?rest_route=%2Fwp%2Fv2%2Fcategories&post=12411"},{"taxonomy":"post_tag","embeddable":true,"href":"https:\/\/www.notiflashmexiquense.com.mx\/index.php?rest_route=%2Fwp%2Fv2%2Ftags&post=12411"}],"curies":[{"name":"wp","href":"https:\/\/api.w.org\/{rel}","templated":true}]}}