{"id":12404,"date":"2023-04-01T02:30:35","date_gmt":"2023-04-01T02:30:35","guid":{"rendered":"https:\/\/www.notiflashmexiquense.com.mx\/?p=12404"},"modified":"2023-04-01T02:30:45","modified_gmt":"2023-04-01T02:30:45","slug":"naucalpan-enfrenta-una-situacion-inedita-por-la-falta-de-agua-alejandro-vences","status":"publish","type":"post","link":"https:\/\/www.notiflashmexiquense.com.mx\/?p=12404","title":{"rendered":"NAUCALPAN ENFRENTA UNA SITUACI\u00d3N IN\u00c9DITA POR LA FALTA DE AGUA: ALEJANDRO VENCES"},"content":{"rendered":"\n<p>\u2022 En coordinaci\u00f3n con la CAEM se puso en operaci\u00f3n el pozo Tanfor\u00e1n el cual desde hace muchos a\u00f1os estaba fuera de operaci\u00f3n.<br>\u2022 La alcaldesa Ang\u00e9lica Moya da la cara para atender a los vecinos, Pablo Bas\u00e1\u00f1ez.<\/p>\n\n\n\n<p>\u201cEn la actualidad, Naucalpan vive una situaci\u00f3n in\u00e9dita a la que hay que responder de manera inmediata. El Valle de M\u00e9xico enfrenta una de las peores sequ\u00edas de las que se tenga memoria, lo cual nos lleva a tomar acciones para garantizar el bienestar de los vecinos\u201d, asegur\u00f3 el director general de OAPAS, Alejandro Vences Mejia, al poner en operaci\u00f3n el Pozo Tanfor\u00e1n.<\/p>\n\n\n\n<p>Llevamos d\u00e9cadas, contin\u00fao, escuchando que debemos cuidar el agua, tomar acciones y conciencia, por eso lleg\u00f3 el momento de utilizar racional, responsable y solidariamente el recurso h\u00eddrico para que la vida siga.<\/p>\n\n\n\n<p>Con la rehabilitaci\u00f3n de este pozo que estuvo fuera de operaci\u00f3n por varios a\u00f1os, dijo, se cumple con uno de los compromisos de la presidenta municipal, Ang\u00e9lica Moya, \u201cabastecer de agua potable a los hogares naucalpenses\u201d.<\/p>\n\n\n\n<p>En coordinaci\u00f3n con la CAEM, el Organismo P\u00fablico Descentralizado para la Prestaci\u00f3n de los Servicios de Agua Potable, Alcantarillado y Saneamiento del municipio llev\u00f3 a cabo los trabajos de mantenimiento electromec\u00e1nico y rehabilitaci\u00f3n del pozo profundo, con una inversi\u00f3n de m\u00e1s de 3 millones de pesos.<\/p>\n\n\n\n<p>Con esta obra se garantiza la cantidad y calidad del agua extra\u00edda del subsuelo al mejorarse la eficiencia en el equipo de bombeo en beneficio de m\u00e1s de 8 mil habitantes de Lomas Hip\u00f3dromo, Lomas del R\u00edo, R\u00edo Escondido y el Huizachal.<\/p>\n\n\n\n<p>En representaci\u00f3n del gobernador mexiquense, Alfredo del Mazo acudi\u00f3 al evento Pablo Bas\u00e1\u00f1ez, director general de proyectos y coordinaci\u00f3n metropolitana de la Secretar\u00eda de Desarrollo y Obra del Estado de M\u00e9xico, quien asegur\u00f3 que la alcaldesa Ang\u00e9lica Moya da la cara para atender a los vecinos.<\/p>\n\n\n\n<p>Asimismo, asisti\u00f3 en representaci\u00f3n de los vecinos de Lomas Hip\u00f3dromo, Patricia Elton, quien confi\u00f3 en que esta obra mitigue los efectos de la sequ\u00eda que vive el Estado de M\u00e9xico y los recortes del vital l\u00edquido anunciados por el gobierno federal.<\/p>\n","protected":false},"excerpt":{"rendered":"<p>&bull; En coordinaci&oacute;n con la CAEM se puso en operaci&oacute;n el pozo Tanfor&aacute;n el cual&#8230;<\/p>\n","protected":false},"author":1,"featured_media":12405,"comment_status":"closed","ping_status":"closed","sticky":false,"template":"","format":"standard","meta":{"footnotes":""},"categories":[45],"tags":[],"class_list":["post-12404","post","type-post","status-publish","format-standard","has-post-thumbnail","hentry","category-atizapan-de-zaragoza"],"_links":{"self":[{"href":"https:\/\/www.notiflashmexiquense.com.mx\/index.php?rest_route=\/wp\/v2\/posts\/12404","targetHints":{"allow":["GET"]}}],"collection":[{"href":"https:\/\/www.notiflashmexiquense.com.mx\/index.php?rest_route=\/wp\/v2\/posts"}],"about":[{"href":"https:\/\/www.notiflashmexiquense.com.mx\/index.php?rest_route=\/wp\/v2\/types\/post"}],"author":[{"embeddable":true,"href":"https:\/\/www.notiflashmexiquense.com.mx\/index.php?rest_route=\/wp\/v2\/users\/1"}],"replies":[{"embeddable":true,"href":"https:\/\/www.notiflashmexiquense.com.mx\/index.php?rest_route=%2Fwp%2Fv2%2Fcomments&post=12404"}],"version-history":[{"count":1,"href":"https:\/\/www.notiflashmexiquense.com.mx\/index.php?rest_route=\/wp\/v2\/posts\/12404\/revisions"}],"predecessor-version":[{"id":12406,"href":"https:\/\/www.notiflashmexiquense.com.mx\/index.php?rest_route=\/wp\/v2\/posts\/12404\/revisions\/12406"}],"wp:featuredmedia":[{"embeddable":true,"href":"https:\/\/www.notiflashmexiquense.com.mx\/index.php?rest_route=\/wp\/v2\/media\/12405"}],"wp:attachment":[{"href":"https:\/\/www.notiflashmexiquense.com.mx\/index.php?rest_route=%2Fwp%2Fv2%2Fmedia&parent=12404"}],"wp:term":[{"taxonomy":"category","embeddable":true,"href":"https:\/\/www.notiflashmexiquense.com.mx\/index.php?rest_route=%2Fwp%2Fv2%2Fcategories&post=12404"},{"taxonomy":"post_tag","embeddable":true,"href":"https:\/\/www.notiflashmexiquense.com.mx\/index.php?rest_route=%2Fwp%2Fv2%2Ftags&post=12404"}],"curies":[{"name":"wp","href":"https:\/\/api.w.org\/{rel}","templated":true}]}}