{"id":12333,"date":"2023-03-27T23:48:13","date_gmt":"2023-03-27T23:48:13","guid":{"rendered":"https:\/\/www.notiflashmexiquense.com.mx\/?p=12333"},"modified":"2023-03-27T23:48:16","modified_gmt":"2023-03-27T23:48:16","slug":"delfina-gomez-incrementa-su-intencion-de-voto-a-59-por-ciento-en-encuesta-de-el-financiero","status":"publish","type":"post","link":"https:\/\/www.notiflashmexiquense.com.mx\/?p=12333","title":{"rendered":"Delfina G\u00f3mez incrementa su intenci\u00f3n de voto a 59 por ciento en encuesta de El Financiero"},"content":{"rendered":"\n<p><em>*Las preferencias por la maestra Delfina G\u00f3mez crecieron 14 puntos porcentuales de enero a marzo, de acuerdo con el estudio publicado por el medio nacional.<\/em><\/p>\n\n\n\n<p><strong>TOLUCA, Estado de M\u00e9xico.- <\/strong>La intenci\u00f3n de voto por la maestra <strong>Delfina G\u00f3mez<\/strong> se increment\u00f3 a 59 por ciento -14 puntos m\u00e1s que en enero de 2023- de acuerdo con la encuesta publicada por el peri\u00f3dico El Financiero este 27 de marzo.<\/p>\n\n\n\n<p>Con el 59 por ciento en dicha encuesta, la maestra <strong>Delfina G\u00f3mez<\/strong> tiene una ventaja de 18 puntos sobre Alejandra del Moral, quien cuenta con el 41 por ciento de la intenci\u00f3n de voto.<\/p>\n\n\n\n<p>El estudio de opini\u00f3n publicado por El Financiero revela que la maestra <strong>Delfina G\u00f3mez<\/strong> creci\u00f3 14 puntos de enero a marzo en las preferencias electorales, en tanto Alejandra del Moral tuvo un crecimiento de 4 puntos.<\/p>\n\n\n\n<p>Por otra parte, respecto a la imagen de los partidos pol\u00edticos, se cuestiona \u201c\u00bfCu\u00e1l es su opini\u00f3n de los siguientes partidos pol\u00edticos\u2026?\u201d, el estudio revela que el 49 por ciento de los encuestados considera que <strong>MORENA<\/strong> es el partido con mejor imagen en el <strong>Estado de M\u00e9xico<\/strong>, en tanto el 25 por ciento de los encuestados considera que el PRI.<\/p>\n\n\n\n<p>De igual forma, la encuesta citada precisa que, el 56 por ciento de las personas encuestadas opina que tiene una mala a muy mala imagen del partido pol\u00edtico PRI, seguido por un 54 por ciento del PRD y un 53 por ciento del PAN.&nbsp;<\/p>\n","protected":false},"excerpt":{"rendered":"<p>*Las preferencias por la maestra Delfina G&oacute;mez crecieron 14 puntos porcentuales de enero a marzo,&#8230;<\/p>\n","protected":false},"author":1,"featured_media":12334,"comment_status":"closed","ping_status":"closed","sticky":false,"template":"","format":"standard","meta":{"footnotes":""},"categories":[1],"tags":[],"class_list":["post-12333","post","type-post","status-publish","format-standard","has-post-thumbnail","hentry","category-noticias"],"_links":{"self":[{"href":"https:\/\/www.notiflashmexiquense.com.mx\/index.php?rest_route=\/wp\/v2\/posts\/12333","targetHints":{"allow":["GET"]}}],"collection":[{"href":"https:\/\/www.notiflashmexiquense.com.mx\/index.php?rest_route=\/wp\/v2\/posts"}],"about":[{"href":"https:\/\/www.notiflashmexiquense.com.mx\/index.php?rest_route=\/wp\/v2\/types\/post"}],"author":[{"embeddable":true,"href":"https:\/\/www.notiflashmexiquense.com.mx\/index.php?rest_route=\/wp\/v2\/users\/1"}],"replies":[{"embeddable":true,"href":"https:\/\/www.notiflashmexiquense.com.mx\/index.php?rest_route=%2Fwp%2Fv2%2Fcomments&post=12333"}],"version-history":[{"count":1,"href":"https:\/\/www.notiflashmexiquense.com.mx\/index.php?rest_route=\/wp\/v2\/posts\/12333\/revisions"}],"predecessor-version":[{"id":12335,"href":"https:\/\/www.notiflashmexiquense.com.mx\/index.php?rest_route=\/wp\/v2\/posts\/12333\/revisions\/12335"}],"wp:featuredmedia":[{"embeddable":true,"href":"https:\/\/www.notiflashmexiquense.com.mx\/index.php?rest_route=\/wp\/v2\/media\/12334"}],"wp:attachment":[{"href":"https:\/\/www.notiflashmexiquense.com.mx\/index.php?rest_route=%2Fwp%2Fv2%2Fmedia&parent=12333"}],"wp:term":[{"taxonomy":"category","embeddable":true,"href":"https:\/\/www.notiflashmexiquense.com.mx\/index.php?rest_route=%2Fwp%2Fv2%2Fcategories&post=12333"},{"taxonomy":"post_tag","embeddable":true,"href":"https:\/\/www.notiflashmexiquense.com.mx\/index.php?rest_route=%2Fwp%2Fv2%2Ftags&post=12333"}],"curies":[{"name":"wp","href":"https:\/\/api.w.org\/{rel}","templated":true}]}}