{"id":12329,"date":"2023-03-28T03:41:04","date_gmt":"2023-03-28T03:41:04","guid":{"rendered":"https:\/\/www.notiflashmexiquense.com.mx\/?p=12329"},"modified":"2023-03-31T07:33:50","modified_gmt":"2023-03-31T07:33:50","slug":"inauguran-feria-internacional-del-caballo-texcoco-2023","status":"publish","type":"post","link":"https:\/\/www.notiflashmexiquense.com.mx\/?p=12329","title":{"rendered":"Inauguran Feria Internacional del Caballo Texcoco 2023"},"content":{"rendered":"\n<p>Texcoco, Estado de M\u00e9xico.- El pasado fin de semana, se dieron cita autoridades del patronato de la Feria; en representaci\u00f3n del presidente del patronato, Lic. Jorge Cort\u00e9s, la Lic. Laura Cort\u00e9s, de autoridades del municipio de Texcoco, encabezadas por la presidenta Municipal Sandra Luz Falc\u00f3n, de Diputados locales, expresidentes municipales, entre otras personalidades.<\/p>\n\n\n\n<p>La Lic. Laura Cort\u00e9s, Directora de Relaciones P\u00fablicas del patronato de la Feria, agradeci\u00f3 la asistencia de grandes personalidades, medios de comunicaci\u00f3n e invitados especiales, para dar como iniciada la Feria Intenacional del Caballo Texcoco 2023, al hacer el tradicional corte de list\u00f3n y realizar un recorrido con todas las personas invitadas al interior de las instalaciones, por los principales lugares de recreaci\u00f3n, como son el Teatro del Pueblo, Juegos Mec\u00e1nicos, el Palenque donde se presentar\u00e1n artistas de talla internacional, la Plaza de Toros, con grandes corridas los fines de semana, la zona del \u00abpicadero\u00bb; lugar en donde se presentaron Jinetes y amazonas realizando coreograf\u00edas sensacionales, deleitando al p\u00fablico con diversas actividades de charrer\u00eda, as\u00ed como peleas de gallos y monta de caballos para quien desee probar la adrenalina del encuentro con caballos amaestrados. <\/p>\n\n\n\n<p>Ya para terminar la Lic. Cort\u00e9s, extendi\u00f3 la invitaci\u00f3n al p\u00fablico en general, para que las familias enteras, vengan a disfrutar de las grandes sorpresas y entretenimiento que \u00abLa Feria de las Ferias\u00bb, tienen para todos ustedes en su edici\u00f3n 2023 que tendr\u00e1 una duraci\u00f3n del 24 de Marzo al 16 de Abril. <\/p>\n","protected":false},"excerpt":{"rendered":"<p>Texcoco, Estado de M&eacute;xico.- El pasado fin de semana, se dieron cita autoridades del patronato&#8230;<\/p>\n","protected":false},"author":1,"featured_media":12336,"comment_status":"closed","ping_status":"closed","sticky":false,"template":"","format":"standard","meta":{"footnotes":""},"categories":[1],"tags":[],"class_list":["post-12329","post","type-post","status-publish","format-standard","has-post-thumbnail","hentry","category-noticias"],"_links":{"self":[{"href":"https:\/\/www.notiflashmexiquense.com.mx\/index.php?rest_route=\/wp\/v2\/posts\/12329","targetHints":{"allow":["GET"]}}],"collection":[{"href":"https:\/\/www.notiflashmexiquense.com.mx\/index.php?rest_route=\/wp\/v2\/posts"}],"about":[{"href":"https:\/\/www.notiflashmexiquense.com.mx\/index.php?rest_route=\/wp\/v2\/types\/post"}],"author":[{"embeddable":true,"href":"https:\/\/www.notiflashmexiquense.com.mx\/index.php?rest_route=\/wp\/v2\/users\/1"}],"replies":[{"embeddable":true,"href":"https:\/\/www.notiflashmexiquense.com.mx\/index.php?rest_route=%2Fwp%2Fv2%2Fcomments&post=12329"}],"version-history":[{"count":2,"href":"https:\/\/www.notiflashmexiquense.com.mx\/index.php?rest_route=\/wp\/v2\/posts\/12329\/revisions"}],"predecessor-version":[{"id":12339,"href":"https:\/\/www.notiflashmexiquense.com.mx\/index.php?rest_route=\/wp\/v2\/posts\/12329\/revisions\/12339"}],"wp:featuredmedia":[{"embeddable":true,"href":"https:\/\/www.notiflashmexiquense.com.mx\/index.php?rest_route=\/wp\/v2\/media\/12336"}],"wp:attachment":[{"href":"https:\/\/www.notiflashmexiquense.com.mx\/index.php?rest_route=%2Fwp%2Fv2%2Fmedia&parent=12329"}],"wp:term":[{"taxonomy":"category","embeddable":true,"href":"https:\/\/www.notiflashmexiquense.com.mx\/index.php?rest_route=%2Fwp%2Fv2%2Fcategories&post=12329"},{"taxonomy":"post_tag","embeddable":true,"href":"https:\/\/www.notiflashmexiquense.com.mx\/index.php?rest_route=%2Fwp%2Fv2%2Ftags&post=12329"}],"curies":[{"name":"wp","href":"https:\/\/api.w.org\/{rel}","templated":true}]}}