{"id":12319,"date":"2023-03-26T23:26:39","date_gmt":"2023-03-26T23:26:39","guid":{"rendered":"https:\/\/www.notiflashmexiquense.com.mx\/?p=12319"},"modified":"2023-03-26T23:26:42","modified_gmt":"2023-03-26T23:26:42","slug":"hemos-sido-elegidos-para-acabar-con-100-anos-de-corrupcion-delfina-gomez-se-registra-como-candidata-a-gobernadora-del-estado-de-mexico","status":"publish","type":"post","link":"https:\/\/www.notiflashmexiquense.com.mx\/?p=12319","title":{"rendered":"\u00abHemos sido elegidos para acabar con 100 a\u00f1os de corrupci\u00f3n\u201d; Delfina G\u00f3mez se registra como candidata a gobernadora del Estado de M\u00e9xico"},"content":{"rendered":"\n<p><strong>TOLUCA, Estado de M\u00e9xico.-<\/strong> La maestra <strong>Delfina G\u00f3mez \u00c1lvarez<\/strong> present\u00f3 su solicitud de registro como Candidata Com\u00fan a gobernadora del <strong>Estado de M\u00e9xico<\/strong> por la alianza \u201cJuntos Hacemos Historia en el Estado de M\u00e9xico\u201d, integrada por <strong>MORENA<\/strong>, <strong>PT<\/strong> y el <strong>PVEM<\/strong>, con la firme convicci\u00f3n de trabajar \u201csin descanso para que el cambio y la esperanza llegue\u201d.<\/p>\n\n\n\n<p>\u201cHemos sido elegidos para acabar con 100 a\u00f1os de corrupci\u00f3n, de desatenci\u00f3n, lo que ha generado la destrucci\u00f3n de nuestro Estado por culpa de los de siempre\u201d, continu\u00f3 la maestra <strong>Delfina G\u00f3mez<\/strong>, acompa\u00f1ada por gobernadoras y gobernadores en su calidad de Consejeras y Consejeros Nacionales, diputadas y diputados federales y locales, as\u00ed como alcaldesas y alcaldes de <strong>MORENA<\/strong> en la entidad.<\/p>\n\n\n\n<p>Tras entregar su solicitud de registro a las y los consejeros electorales del Instituto Electoral del Estado de M\u00e9xico, la maestra <strong>Delfina G\u00f3mez<\/strong> dirigi\u00f3 un mensaje en la explanada del recinto, donde afirm\u00f3 con emoci\u00f3n ante la militancia partidista que se dio cita y a los que la siguieron a trav\u00e9s de redes sociales: \u201cQuiero ser gobernadora del <strong>Estado de M\u00e9xico<\/strong>, porque como muchos de ustedes, nuestra aspiraci\u00f3n y mi aspiraci\u00f3n est\u00e1 cimentada sobre el amor al pueblo: amor con amor se paga y se los demostraremos\u201d.<\/p>\n\n\n\n<p>En el evento la acompa\u00f1aron <strong>Horacio Duarte<\/strong>, quien fue designado como coordinador general de campa\u00f1a de la maestra <strong>Delfina G\u00f3mez<\/strong>; <strong>Higinio Mart\u00ednez<\/strong>, delegado especial para el proceso electoral en el <strong>Estado de M\u00e9xico<\/strong>; <strong>Mario Delgado <\/strong>y<strong> Citlalli Hern\u00e1ndez,<\/strong> presidente y secretaria general, respectivamente, del Comit\u00e9 Ejecutivo Nacional de <strong>MORENA<\/strong>; <strong>Martha Guerrero<\/strong>, presidenta del Comit\u00e9 Ejecutivo Estatal de <strong>MORENA<\/strong> en el <strong>Estado de M\u00e9xico<\/strong> y <strong>Francisco V\u00e1zquez<\/strong>, representante de <strong>MORENA<\/strong> ante el IEEM.<\/p>\n\n\n\n<p>De igual manera, la maestra <strong>Delfina G\u00f3mez<\/strong> fue arropada por consejeras y consejeros nacionales de <strong>MORENA<\/strong>: <strong>Claudia Sheinbaum,<\/strong> jefa de gobierno de la Ciudad de M\u00e9xico; <strong>Mara Lezama<\/strong>, gobernadora de Quintana Roo; <strong>Evelyn Salgado<\/strong>, de Guerrero; <strong>Layda Sansores,<\/strong> de Campeche; <strong>Salom\u00f3n Jara<\/strong>, gobernador de Oaxaca; <strong>Alfonso Durazo,<\/strong> de Sonora; <strong>Alfredo Ram\u00edrez Bedolla,<\/strong> de Michoac\u00e1n; <strong>David Monreal,<\/strong> de Zacatecas; <strong>Cuauht\u00e9moc Blanco,<\/strong> de Morelos; <strong>V\u00edctor Castro<\/strong>, de Baja California Sur; <strong>Rub\u00e9n Rocha,<\/strong> de Sinaloa y <strong>Sergio C\u00e9spedes,<\/strong> de Puebla.<\/p>\n\n\n\n<p>Asimismo, en el recinto estuvieron presentes las y los diputados federales y locales, como <strong>Maurilio Hern\u00e1ndez<\/strong>, <strong>Azucena Cisneros<\/strong>, <strong>Karina Labastida<\/strong>, <strong>Max Correa<\/strong>, <strong>Nelly Carrasco<\/strong>, <strong>M\u00f3nica \u00c1lvarez N\u00e9mer<\/strong>, <strong>Nazario Guti\u00e9rrez<\/strong>, <strong>Daniel Sibaja, Isaac Montoya, Ariel Ju\u00e1rez <\/strong>y <strong>Carmen de la Rosa<\/strong>, as\u00ed como alcaldesas y alcaldes de <strong>MORENA<\/strong> en el <strong>Estado de M\u00e9xico, <\/strong>como <strong>Sandra Luz Falc\u00f3n<\/strong>, de Texcoco; <strong>X\u00f3chitl Flores<\/strong>, de Chimalhuac\u00e1n; <strong>Adolfo Cerqueda<\/strong>, de Nezahualc\u00f3yotl; <strong>Fernando Vilchis<\/strong>, de Ecatepec; <strong>Armando Garc\u00eda<\/strong>, de Valle de Chalco y <strong>Felipe Arvizu<\/strong>, de Ixtapaluca.<\/p>\n\n\n\n<p>Tambi\u00e9n acompa\u00f1aron a la maestra <strong>Delfina G\u00f3mez<\/strong> la dirigente nacional y estatal del Partido Verde Ecologista de M\u00e9xico, <strong>Karen Castrej\u00f3n y Jos\u00e9 Couttolenc<\/strong>, respectivamente; as\u00ed como el dirigente estatal del Partido del Trabajo, <strong>\u00d3scar Gonz\u00e1lez Y\u00e1\u00f1ez<\/strong>.<\/p>\n\n\n\n<p>Tras registrarse como candidata a gobernadora del <strong>Estado de M\u00e9xico<\/strong> y frente a 2 mil militantes y simpatizantes que acudieron a presenciar el acto, la maestra <strong>Delfina G\u00f3mez<\/strong> indic\u00f3 que 8 de cada 10 mexiquenses anhelan un cambio, el cual se puede lograr con unidad, \u201cles pido su confianza y su apoyo, juntos podemos transformar este estado en uno m\u00e1s justo, igualitario y con m\u00e1s dignidad para todas y todos\u201d.<\/p>\n\n\n\n<p>Por su parte, <strong>Mario Delgado<\/strong>, presidente nacional de <strong>MORENA,<\/strong> mencion\u00f3 que el deseo de cambio es un clamor en todo el <strong>Estado de M\u00e9xico<\/strong> y la maestra <strong>Delfina G\u00f3mez<\/strong> representa los valores contrarios a los que han prevalecido en las \u00faltimas d\u00e9cadas.<\/p>\n\n\n\n<p>\u201cLa maestra <strong>Delfina G\u00f3mez<\/strong> representa la honestidad frente a la corrupci\u00f3n, la cercan\u00eda del pueblo frente a la arrogancia, el esfuerzo frente a los privilegios, la humildad frente a la megaloman\u00eda de los pol\u00edticos de <strong>Atlacomulco<\/strong>\u201d.<\/p>\n\n\n\n<p>El l\u00edder morenista indic\u00f3 que se enfrentan a uno de los grupos que tiene mayores intereses en contra de los ciudadanos, por lo que \u201csolamente con la participaci\u00f3n y organizaci\u00f3n masiva de nuestro movimiento se har\u00e1 posible la transformaci\u00f3n\u201d, concluy\u00f3.&nbsp;<\/p>\n","protected":false},"excerpt":{"rendered":"<p>TOLUCA, Estado de M&eacute;xico.- La maestra Delfina G&oacute;mez &Aacute;lvarez present&oacute; su solicitud de registro como&#8230;<\/p>\n","protected":false},"author":1,"featured_media":12320,"comment_status":"closed","ping_status":"closed","sticky":false,"template":"","format":"standard","meta":{"footnotes":""},"categories":[1],"tags":[],"class_list":["post-12319","post","type-post","status-publish","format-standard","has-post-thumbnail","hentry","category-noticias"],"_links":{"self":[{"href":"https:\/\/www.notiflashmexiquense.com.mx\/index.php?rest_route=\/wp\/v2\/posts\/12319","targetHints":{"allow":["GET"]}}],"collection":[{"href":"https:\/\/www.notiflashmexiquense.com.mx\/index.php?rest_route=\/wp\/v2\/posts"}],"about":[{"href":"https:\/\/www.notiflashmexiquense.com.mx\/index.php?rest_route=\/wp\/v2\/types\/post"}],"author":[{"embeddable":true,"href":"https:\/\/www.notiflashmexiquense.com.mx\/index.php?rest_route=\/wp\/v2\/users\/1"}],"replies":[{"embeddable":true,"href":"https:\/\/www.notiflashmexiquense.com.mx\/index.php?rest_route=%2Fwp%2Fv2%2Fcomments&post=12319"}],"version-history":[{"count":1,"href":"https:\/\/www.notiflashmexiquense.com.mx\/index.php?rest_route=\/wp\/v2\/posts\/12319\/revisions"}],"predecessor-version":[{"id":12321,"href":"https:\/\/www.notiflashmexiquense.com.mx\/index.php?rest_route=\/wp\/v2\/posts\/12319\/revisions\/12321"}],"wp:featuredmedia":[{"embeddable":true,"href":"https:\/\/www.notiflashmexiquense.com.mx\/index.php?rest_route=\/wp\/v2\/media\/12320"}],"wp:attachment":[{"href":"https:\/\/www.notiflashmexiquense.com.mx\/index.php?rest_route=%2Fwp%2Fv2%2Fmedia&parent=12319"}],"wp:term":[{"taxonomy":"category","embeddable":true,"href":"https:\/\/www.notiflashmexiquense.com.mx\/index.php?rest_route=%2Fwp%2Fv2%2Fcategories&post=12319"},{"taxonomy":"post_tag","embeddable":true,"href":"https:\/\/www.notiflashmexiquense.com.mx\/index.php?rest_route=%2Fwp%2Fv2%2Ftags&post=12319"}],"curies":[{"name":"wp","href":"https:\/\/api.w.org\/{rel}","templated":true}]}}