{"id":12280,"date":"2023-03-25T00:15:46","date_gmt":"2023-03-25T00:15:46","guid":{"rendered":"https:\/\/www.notiflashmexiquense.com.mx\/?p=12280"},"modified":"2023-03-25T00:15:49","modified_gmt":"2023-03-25T00:15:49","slug":"bomberos-de-naucalpan-sofocan-incendio-en-cerro-de-moctezuma","status":"publish","type":"post","link":"https:\/\/www.notiflashmexiquense.com.mx\/?p=12280","title":{"rendered":"BOMBEROS DE NAUCALPAN SOFOCAN INCENDIO EN CERRO DE MOCTEZUMA"},"content":{"rendered":"\n<p>Elementos de la Coordinaci\u00f3n Municipal de Protecci\u00f3n Civil y Bomberos de Naucalpan sofocaron el incendio registrado en el Cerro de Moctezuma, el cual afect\u00f3 unas 20 hect\u00e1reas, sobre todo de pastizales y arbustos, donde las llamas alcanzaron hasta 15 metros de altura. No se registraron personas lesionadas.<\/p>\n\n\n\n<p>Alrededor de las 12:00 horas de hoy reportes vecinales alertaron a las autoridades municipales sobre humo en el cerro, por lo que elementos de la corporaci\u00f3n acudieron al lugar e iniciaron los trabajos para sofocar el fuego, que se extendi\u00f3 r\u00e1pidamente debido a las r\u00e1fagas de viento.<\/p>\n\n\n\n<p>Mois\u00e9s Minquini Matilde, coordinador municipal de Protecci\u00f3n Civil y Bomberos de Naucalpan, inform\u00f3 que en el lugar laboraron cerca de 30 elementos municipales con tres autotanques y cinco unidades ligeras, con apoyo de 12 trabajadores y seis pipas del OAPAS, seis trabajadores de la Comisi\u00f3n Federal de Electricidad, as\u00ed como dos bomberos y un autotanque de Atizap\u00e1n.<\/p>\n\n\n\n<p>Afirm\u00f3 que el trabajo de los bomberos evit\u00f3 que el fuego se extendiera y pudiera afectar zonas habitacionales.<\/p>\n\n\n\n<p>Edgar Gil, subdirector de Protecci\u00f3n Civil y Bomberos de Naucalpan, mencion\u00f3 que se desconocen las causas que originaron el incendio, cuyas llamas alcanzaron hasta 15 metros de altura en algunos puntos.<\/p>\n\n\n\n<p>Explic\u00f3 que los vulcanos hicieron una \u2018brecha de humedad\u2019 para evitar que se propagaran las llamas, adem\u00e1s de que las condiciones del lugar dificultaron el acceso de pipas y autotanques, aunque finalmente el incendio fue controlado y sofocado.<\/p>\n\n\n\n<p>El pasado 9 de marzo Amaya Bern\u00e1rdez de la Granja, directora general de Medio Ambiente de Naucalpan, inform\u00f3 que al parecer fueron provocados los incendios registrados los d\u00edas 3 y 7 del mismo mes en el Parque Estatal Metropolitano Secci\u00f3n La Hoja y en el Parque de Los Remedios, respectivamente, por lo que se presentaron denuncias para que fueran investigados.<\/p>\n\n\n\n<p>El cerro de Moctezuma est\u00e1 enclavado en la zona urbana de Naucalpan, es una zona arqueol\u00f3gica preservada por el Instituto Nacional de Antropolog\u00eda e Historia y forma parte de dos \u00e1reas naturales protegidas: el Parque Nacional de Los Remedios y el Parque Estatal Metropolitano de Naucalpan.<\/p>\n","protected":false},"excerpt":{"rendered":"<p>Elementos de la Coordinaci&oacute;n Municipal de Protecci&oacute;n Civil y Bomberos de Naucalpan sofocaron el incendio&#8230;<\/p>\n","protected":false},"author":1,"featured_media":12281,"comment_status":"closed","ping_status":"closed","sticky":false,"template":"","format":"standard","meta":{"footnotes":""},"categories":[45],"tags":[],"class_list":["post-12280","post","type-post","status-publish","format-standard","has-post-thumbnail","hentry","category-atizapan-de-zaragoza"],"_links":{"self":[{"href":"https:\/\/www.notiflashmexiquense.com.mx\/index.php?rest_route=\/wp\/v2\/posts\/12280","targetHints":{"allow":["GET"]}}],"collection":[{"href":"https:\/\/www.notiflashmexiquense.com.mx\/index.php?rest_route=\/wp\/v2\/posts"}],"about":[{"href":"https:\/\/www.notiflashmexiquense.com.mx\/index.php?rest_route=\/wp\/v2\/types\/post"}],"author":[{"embeddable":true,"href":"https:\/\/www.notiflashmexiquense.com.mx\/index.php?rest_route=\/wp\/v2\/users\/1"}],"replies":[{"embeddable":true,"href":"https:\/\/www.notiflashmexiquense.com.mx\/index.php?rest_route=%2Fwp%2Fv2%2Fcomments&post=12280"}],"version-history":[{"count":1,"href":"https:\/\/www.notiflashmexiquense.com.mx\/index.php?rest_route=\/wp\/v2\/posts\/12280\/revisions"}],"predecessor-version":[{"id":12282,"href":"https:\/\/www.notiflashmexiquense.com.mx\/index.php?rest_route=\/wp\/v2\/posts\/12280\/revisions\/12282"}],"wp:featuredmedia":[{"embeddable":true,"href":"https:\/\/www.notiflashmexiquense.com.mx\/index.php?rest_route=\/wp\/v2\/media\/12281"}],"wp:attachment":[{"href":"https:\/\/www.notiflashmexiquense.com.mx\/index.php?rest_route=%2Fwp%2Fv2%2Fmedia&parent=12280"}],"wp:term":[{"taxonomy":"category","embeddable":true,"href":"https:\/\/www.notiflashmexiquense.com.mx\/index.php?rest_route=%2Fwp%2Fv2%2Fcategories&post=12280"},{"taxonomy":"post_tag","embeddable":true,"href":"https:\/\/www.notiflashmexiquense.com.mx\/index.php?rest_route=%2Fwp%2Fv2%2Ftags&post=12280"}],"curies":[{"name":"wp","href":"https:\/\/api.w.org\/{rel}","templated":true}]}}