{"id":12273,"date":"2023-03-24T00:43:31","date_gmt":"2023-03-24T00:43:31","guid":{"rendered":"https:\/\/www.notiflashmexiquense.com.mx\/?p=12273"},"modified":"2023-03-24T00:43:35","modified_gmt":"2023-03-24T00:43:35","slug":"supervisa-angelica-moya-a-cadetes-de-academia-de-policia","status":"publish","type":"post","link":"https:\/\/www.notiflashmexiquense.com.mx\/?p=12273","title":{"rendered":"SUPERVISA ANG\u00c9LICA MOYA A CADETES DE ACADEMIA DE POLIC\u00cdA"},"content":{"rendered":"\n<p>Previo a la graduaci\u00f3n de 82 cadetes, la alcaldesa Ang\u00e9lica Moya Mar\u00edn realiz\u00f3 un recorrido por la Academia de Polic\u00eda municipal para constatar que los futuros egresados han contado con las condiciones necesarias para aprender las t\u00e9cnicas y conocimientos que les permitan garantizar la seguridad de los naucalpenses.<\/p>\n\n\n\n<p>Acompa\u00f1ada por el titular de la Direcci\u00f3n General de Seguridad Ciudadana y Movilidad Segura, Pablo Francisco Rosas Olmos, la edil visit\u00f3 algunas de las aulas en donde los cadetes adquieren conocimientos en tem\u00e1ticas como marco jur\u00eddico de actuaci\u00f3n policial, prevenci\u00f3n social de la violencia y delincuencia, control y manejo de emociones, detenciones y cuestiones fundamentales como la proximidad social y empat\u00eda con la ciudadan\u00eda.<\/p>\n\n\n\n<p>Asimismo, ingres\u00f3 al stand de tiro virtual, en donde a los cadetes se les ense\u00f1a el manejo de arma de fuego tanto corta como larga, as\u00ed como las distintas posturas que ellos deben de tener cuando accionan un arma de fuego o repelen una agresi\u00f3n. Este stand es preparatorio a la pr\u00e1ctica que se lleva a cabo en el stand de tiro de fuego real.<\/p>\n\n\n\n<p>La alcaldesa Moya Mar\u00edn tambi\u00e9n presenci\u00f3 la pr\u00e1ctica de armado y desarmado de armas de fuego, en donde las cadetes que participaron registraron un tiempo de 5.33 segundos para desarmar una Block calibre 9 mil\u00edmetros de cuarta generaci\u00f3n y un tiempo de 8.03 segundos para el armado de la misma.<\/p>\n\n\n\n<p>El subdirector de Desarrollo Policial, Alberto Lucio Casta\u00f1eda Garc\u00eda, precis\u00f3 que estas instalaciones estuvieron abandonadas por la administraci\u00f3n pasada y anteriormente serv\u00edan como un centro de rehabilitaci\u00f3n infantil, pero por la ubicaci\u00f3n geogr\u00e1fica del lugar no era \u00f3ptimo para este sector poblacional.<\/p>\n\n\n\n<p>Agreg\u00f3 que por instrucciones de la alcaldesa Ang\u00e9lica Moya este espacio se acondicion\u00f3 para convertirse en la Academia de Polic\u00eda, que cuenta con los requisitos estipulados por el Secretariado Ejecutivo del Sistema Nacional de Seguridad P\u00fablica para impartir capacitaci\u00f3n a nuevas generaciones de polic\u00edas.<\/p>\n\n\n\n<p>Los 82 elementos pr\u00f3ximos a graduarse acreditaron su curso de formaci\u00f3n inicial, el cual consta de 972 horas que corresponde a un lapso de 6 meses. Al concluir este curso, los egresados tendr\u00e1n una capacitaci\u00f3n de especializaci\u00f3n, donde se les trata de inducir de manera paulatina a la operatividad, con el apoyo de personal en activo e instructores para que conozcan de manera segura y sin riesgos todas las situaciones que puedan enfrentar una vez estando en la calle.<\/p>\n","protected":false},"excerpt":{"rendered":"<p>Previo a la graduaci&oacute;n de 82 cadetes, la alcaldesa Ang&eacute;lica Moya Mar&iacute;n realiz&oacute; un recorrido&#8230;<\/p>\n","protected":false},"author":1,"featured_media":12274,"comment_status":"closed","ping_status":"closed","sticky":false,"template":"","format":"standard","meta":{"footnotes":""},"categories":[45],"tags":[],"class_list":["post-12273","post","type-post","status-publish","format-standard","has-post-thumbnail","hentry","category-atizapan-de-zaragoza"],"_links":{"self":[{"href":"https:\/\/www.notiflashmexiquense.com.mx\/index.php?rest_route=\/wp\/v2\/posts\/12273","targetHints":{"allow":["GET"]}}],"collection":[{"href":"https:\/\/www.notiflashmexiquense.com.mx\/index.php?rest_route=\/wp\/v2\/posts"}],"about":[{"href":"https:\/\/www.notiflashmexiquense.com.mx\/index.php?rest_route=\/wp\/v2\/types\/post"}],"author":[{"embeddable":true,"href":"https:\/\/www.notiflashmexiquense.com.mx\/index.php?rest_route=\/wp\/v2\/users\/1"}],"replies":[{"embeddable":true,"href":"https:\/\/www.notiflashmexiquense.com.mx\/index.php?rest_route=%2Fwp%2Fv2%2Fcomments&post=12273"}],"version-history":[{"count":1,"href":"https:\/\/www.notiflashmexiquense.com.mx\/index.php?rest_route=\/wp\/v2\/posts\/12273\/revisions"}],"predecessor-version":[{"id":12275,"href":"https:\/\/www.notiflashmexiquense.com.mx\/index.php?rest_route=\/wp\/v2\/posts\/12273\/revisions\/12275"}],"wp:featuredmedia":[{"embeddable":true,"href":"https:\/\/www.notiflashmexiquense.com.mx\/index.php?rest_route=\/wp\/v2\/media\/12274"}],"wp:attachment":[{"href":"https:\/\/www.notiflashmexiquense.com.mx\/index.php?rest_route=%2Fwp%2Fv2%2Fmedia&parent=12273"}],"wp:term":[{"taxonomy":"category","embeddable":true,"href":"https:\/\/www.notiflashmexiquense.com.mx\/index.php?rest_route=%2Fwp%2Fv2%2Fcategories&post=12273"},{"taxonomy":"post_tag","embeddable":true,"href":"https:\/\/www.notiflashmexiquense.com.mx\/index.php?rest_route=%2Fwp%2Fv2%2Ftags&post=12273"}],"curies":[{"name":"wp","href":"https:\/\/api.w.org\/{rel}","templated":true}]}}