{"id":122,"date":"2021-02-07T02:01:51","date_gmt":"2021-02-07T02:01:51","guid":{"rendered":"https:\/\/www.notiflashmexiquense.com.mx\/?p=122"},"modified":"2021-02-07T02:01:52","modified_gmt":"2021-02-07T02:01:52","slug":"inicia-atizapan-campana-de-donacion-de-libros","status":"publish","type":"post","link":"https:\/\/www.notiflashmexiquense.com.mx\/?p=122","title":{"rendered":"INICIA ATIZAP\u00c1N CAMPA\u00d1A DE DONACI\u00d3N DE LIBROS"},"content":{"rendered":"\n<p><br>\u00a0<br>El DIF de Atizap\u00e1n de Zaragoza inici\u00f3 la campa\u00f1a de donaci\u00f3n de libros \u201cPor un Atizap\u00e1n de Lectores\u201d a fin de incentivar entre la gente la lectura y lograr que ejemplares en desuso sean disfrutados por otras personas.<br>\u00a0<br>Francisco Ledesma Llaca, titular del DIF municipal, se\u00f1al\u00f3 que esta campa\u00f1a fortalece el programa \u201cDifundiendo la Lectura\u201d, donde participan personajes reconocidos del espect\u00e1culo mediante la lectura de interesantes textos literarios a trav\u00e9s del facebook del gobierno de Atizap\u00e1n de Zaragoza.<br>\u00a0<br>Detall\u00f3 que el acopio de libros se realizar\u00e1 durante febrero y marzo del presente a\u00f1o, en los 19 Centros Comunitarios del DIF, en un horario de lunes a viernes de 9 a 16 horas.<br>\u00a0<br>Posteriormente se dar\u00e1 a conocer los t\u00edtulos de los ejemplares para que la gente solicite el libro de su inter\u00e9s.\u00a0\u00a0<br>\u00a0<br>\u201cEn este momento en el que las personas se encuentran en confinamiento a causa de la pandemia por COVID19, es muy importante que se acerquen a la lectura. Debemos reactivar nuestra mente con cosas productivas. La lectura no solo es cuesti\u00f3n pedag\u00f3gica, sino tambi\u00e9n de entretenimiento.<br>\u00a0<br>\u201cAdem\u00e1s, sus beneficios nos permiten ejercitar nuestro cerebro, activa la memoria y despierta las v\u00edas neuronales\u201d, explic\u00f3.<br>\u00a0<br>Francisco Ledesma apunt\u00f3 que los libros ser\u00e1n sanitizados para la entrega al nuevo due\u00f1o e invit\u00f3 a los ni\u00f1os, adolescentes y adultos a sumarse a esta noble causa: \u201cSi tienen libros en buen estado y que ya no los usan, pueden donarlos para que otras personas gocen de buenas y nuevas lecturas\u201d.<br>\u00a0<br>Para ubicar el Centro Comunitario del DIF m\u00e1s cercano a su domicilio, la gente puede marcar a los tel\u00e9fonos 55 9148 4601 y 55 9148 4602.<\/p>\n","protected":false},"excerpt":{"rendered":"<p>&nbsp;El DIF de Atizap&aacute;n de Zaragoza inici&oacute; la campa&ntilde;a de donaci&oacute;n de libros &ldquo;Por un&#8230;<\/p>\n","protected":false},"author":1,"featured_media":123,"comment_status":"closed","ping_status":"closed","sticky":false,"template":"","format":"standard","meta":{"footnotes":""},"categories":[1],"tags":[],"class_list":["post-122","post","type-post","status-publish","format-standard","has-post-thumbnail","hentry","category-noticias"],"_links":{"self":[{"href":"https:\/\/www.notiflashmexiquense.com.mx\/index.php?rest_route=\/wp\/v2\/posts\/122","targetHints":{"allow":["GET"]}}],"collection":[{"href":"https:\/\/www.notiflashmexiquense.com.mx\/index.php?rest_route=\/wp\/v2\/posts"}],"about":[{"href":"https:\/\/www.notiflashmexiquense.com.mx\/index.php?rest_route=\/wp\/v2\/types\/post"}],"author":[{"embeddable":true,"href":"https:\/\/www.notiflashmexiquense.com.mx\/index.php?rest_route=\/wp\/v2\/users\/1"}],"replies":[{"embeddable":true,"href":"https:\/\/www.notiflashmexiquense.com.mx\/index.php?rest_route=%2Fwp%2Fv2%2Fcomments&post=122"}],"version-history":[{"count":1,"href":"https:\/\/www.notiflashmexiquense.com.mx\/index.php?rest_route=\/wp\/v2\/posts\/122\/revisions"}],"predecessor-version":[{"id":124,"href":"https:\/\/www.notiflashmexiquense.com.mx\/index.php?rest_route=\/wp\/v2\/posts\/122\/revisions\/124"}],"wp:featuredmedia":[{"embeddable":true,"href":"https:\/\/www.notiflashmexiquense.com.mx\/index.php?rest_route=\/wp\/v2\/media\/123"}],"wp:attachment":[{"href":"https:\/\/www.notiflashmexiquense.com.mx\/index.php?rest_route=%2Fwp%2Fv2%2Fmedia&parent=122"}],"wp:term":[{"taxonomy":"category","embeddable":true,"href":"https:\/\/www.notiflashmexiquense.com.mx\/index.php?rest_route=%2Fwp%2Fv2%2Fcategories&post=122"},{"taxonomy":"post_tag","embeddable":true,"href":"https:\/\/www.notiflashmexiquense.com.mx\/index.php?rest_route=%2Fwp%2Fv2%2Ftags&post=122"}],"curies":[{"name":"wp","href":"https:\/\/api.w.org\/{rel}","templated":true}]}}