{"id":12145,"date":"2023-03-15T03:05:26","date_gmt":"2023-03-15T03:05:26","guid":{"rendered":"https:\/\/www.notiflashmexiquense.com.mx\/?p=12145"},"modified":"2023-03-15T03:05:29","modified_gmt":"2023-03-15T03:05:29","slug":"las-y-los-mexiquenses-nos-cansamos-de-ser-ignorados-necesitamos-ser-escuchados-delfina-gomez","status":"publish","type":"post","link":"https:\/\/www.notiflashmexiquense.com.mx\/?p=12145","title":{"rendered":"Las y los mexiquenses nos cansamos de ser ignorados, necesitamos ser escuchados: Delfina G\u00f3mez"},"content":{"rendered":"\n<p>TOLUCA, Estado de M\u00e9xico.- La maestra Delfina G\u00f3mez \u00c1lvarez se pronuncia en que resulta urgente y necesario escuchar las demandas y necesidades de las y los mexiquenses, quienes por d\u00e9cadas hemos sido ignorados por autoridades y gobiernos en el Estado de M\u00e9xico.<\/p>\n\n\n\n<p>En el Estado de M\u00e9xico estamos cansados de ser ignorados, tanto las mujeres, las y los j\u00f3venes, los grupos originarios, los campesinos, los transportistas, las y los maestros, las y los m\u00e9dicos quieren ser escuchados. Por eso es fundamental decir ya basta, hay tanta gente que lo \u00fanico que quiere es ser escuchada. En el Estado de M\u00e9xico, los malos manejos han dejado sin espacios a nuestros artesanos, artistas y deportistas, por eso es apremiante escuchar a todos y cada uno de los sectores.<\/p>\n\n\n\n<p>En correlaci\u00f3n a lo expresado, la maestra Delfina G\u00f3mez a trav\u00e9s de sus redes sociales precis\u00f3 que \u201ces urgente que en #EdoMex sea prioritario el apoyo a los pueblos y comunidades ind\u00edgenas. Sus creaciones son parte de la historia de nuestro estado y debemos valorarlas. Basta del abandono y discriminaci\u00f3n de la que son objeto\u201d.<\/p>\n\n\n\n<p>Asimismo, la maestra Delfina G\u00f3mez manifiesta que es necesario escuchar a las y los ciudadanos que padecen diariamente la inseguridad, la falta de servicios de salud o la deficiencia del transporte.<\/p>\n\n\n\n<p>\u201cEs preocupante el abandono de a\u00f1os en los servicios de salud del #EdoMex, registrando los mayores tiempos de traslado y de espera para ser atendido. Es obligaci\u00f3n del estado garantizar que sean suficientes y accesibles para todos\u201d, se\u00f1al\u00f3 en una publicaci\u00f3n en sus redes sociales.<\/p>\n\n\n\n<p>Finalmente, la maestra Delfina G\u00f3mez manifiesta que es partidaria de que escuchar y dialogar con la gente es fundamental, pues la clave es estar conscientes de nuestras ra\u00edces, de nuestras ilusiones y sue\u00f1os, porque as\u00ed nada ni nadie podr\u00e1 cambiar lo que somos y lo que queremos defender en el Estado de M\u00e9xico.<\/p>\n\n\n\n<p>Las publicaciones mencionadas pueden ser consultadas en los siguientes enlaces:<\/p>\n\n\n\n<figure class=\"wp-block-embed\"><div class=\"wp-block-embed__wrapper\">\nhttps:\/\/www.facebook.com\/story.php?story_fbid=pfbid027u3UGRoQqChWxzyCXzPvJvigpnRV4MGrpZBzycZHVtd6eMVwsuR71gH9qBqvS4rml&#038;id=100044344543267&#038;mibextid=qC1gEa&#038;_rdr\n<\/div><\/figure>\n\n\n\n<figure class=\"wp-block-embed\"><div class=\"wp-block-embed__wrapper\">\nhttps:\/\/www.facebook.com\/story.php?story_fbid=pfbid0MBJYf4r2428mjTDaAShdCpFLKLZXVMqQPeddFnPGZaXjh5QkyB8ohi3SsHReawgFl&#038;id=100044344543267&#038;mibextid=qC1gEa&#038;_rdr\n<\/div><\/figure>\n","protected":false},"excerpt":{"rendered":"<p>TOLUCA, Estado de M&eacute;xico.- La maestra Delfina G&oacute;mez &Aacute;lvarez se pronuncia en que resulta urgente&#8230;<\/p>\n","protected":false},"author":1,"featured_media":12146,"comment_status":"closed","ping_status":"closed","sticky":false,"template":"","format":"standard","meta":{"footnotes":""},"categories":[1],"tags":[],"class_list":["post-12145","post","type-post","status-publish","format-standard","has-post-thumbnail","hentry","category-noticias"],"_links":{"self":[{"href":"https:\/\/www.notiflashmexiquense.com.mx\/index.php?rest_route=\/wp\/v2\/posts\/12145","targetHints":{"allow":["GET"]}}],"collection":[{"href":"https:\/\/www.notiflashmexiquense.com.mx\/index.php?rest_route=\/wp\/v2\/posts"}],"about":[{"href":"https:\/\/www.notiflashmexiquense.com.mx\/index.php?rest_route=\/wp\/v2\/types\/post"}],"author":[{"embeddable":true,"href":"https:\/\/www.notiflashmexiquense.com.mx\/index.php?rest_route=\/wp\/v2\/users\/1"}],"replies":[{"embeddable":true,"href":"https:\/\/www.notiflashmexiquense.com.mx\/index.php?rest_route=%2Fwp%2Fv2%2Fcomments&post=12145"}],"version-history":[{"count":1,"href":"https:\/\/www.notiflashmexiquense.com.mx\/index.php?rest_route=\/wp\/v2\/posts\/12145\/revisions"}],"predecessor-version":[{"id":12147,"href":"https:\/\/www.notiflashmexiquense.com.mx\/index.php?rest_route=\/wp\/v2\/posts\/12145\/revisions\/12147"}],"wp:featuredmedia":[{"embeddable":true,"href":"https:\/\/www.notiflashmexiquense.com.mx\/index.php?rest_route=\/wp\/v2\/media\/12146"}],"wp:attachment":[{"href":"https:\/\/www.notiflashmexiquense.com.mx\/index.php?rest_route=%2Fwp%2Fv2%2Fmedia&parent=12145"}],"wp:term":[{"taxonomy":"category","embeddable":true,"href":"https:\/\/www.notiflashmexiquense.com.mx\/index.php?rest_route=%2Fwp%2Fv2%2Fcategories&post=12145"},{"taxonomy":"post_tag","embeddable":true,"href":"https:\/\/www.notiflashmexiquense.com.mx\/index.php?rest_route=%2Fwp%2Fv2%2Ftags&post=12145"}],"curies":[{"name":"wp","href":"https:\/\/api.w.org\/{rel}","templated":true}]}}