{"id":12138,"date":"2023-03-14T22:26:18","date_gmt":"2023-03-14T22:26:18","guid":{"rendered":"https:\/\/www.notiflashmexiquense.com.mx\/?p=12138"},"modified":"2023-03-14T22:27:15","modified_gmt":"2023-03-14T22:27:15","slug":"implementan-sistema-de-agua-sustentable-en-preparatoria-de-atizapan-de-zaragoza","status":"publish","type":"post","link":"https:\/\/www.notiflashmexiquense.com.mx\/?p=12138","title":{"rendered":"IMPLEMENTAN SISTEMA DE AGUA SUSTENTABLE EN PREPARATORIA DE ATIZAP\u00c1N DE ZARAGOZA"},"content":{"rendered":"\n<p><em>Hoy no podemos desperdiciar el agua, hoy es muy importante que aprendamos a cambiar la cultura del uso del vital l\u00edquido: Pedro Rodr\u00edguez Villegas<\/em><\/p>\n\n\n\n<p>El Presidente Municipal de Atizap\u00e1n de Zaragoza, Pedro Rodr\u00edguez Villegas, en conjunto con representantes de Reckitt M\u00e9xico y Agua Capital, entregaron un sistema de captaci\u00f3n de agua de lluvia a las autoridades de la escuela Preparatoria Oficial No. 87, ubicada en la colonia Hogares de Atizap\u00e1n.<\/p>\n\n\n\n<p>Este programa piloto, el cual ya ha sido adaptado a otras cinco instituciones educativas atizapenses, se denomina \u201cEscuela de Lluvia\u201d y recolecta el vital l\u00edquido para utilizarse en cuestiones sanitarias y de riego de \u00e1reas verdes.<\/p>\n\n\n\n<p>Sobre ello, el Presidente Municipal destac\u00f3 que ante la escasez de agua provocada por la sequ\u00eda y el cambio clim\u00e1tico, es necesario sumar esfuerzos entre la autoridad, la sociedad y la iniciativa privada para eficientar los procesos naturales del agua, as\u00ed como su uso.<\/p>\n\n\n\n<p>\u201cHoy no podemos desperdiciar el agua en lavar los patios con la manguera, hoy es muy importante que aprendamos a cambiar la cultura, que aprendamos a ahorrar este vital l\u00edquido al lavarnos las manos, cepillarnos los dientes, al ba\u00f1arnos cerrar la llave mientras nos enjabonamos\u201d, subray\u00f3 Rodr\u00edguez Villegas.<\/p>\n\n\n\n<p>Agradeci\u00f3 a la empresa Reckitt y a Agua Capital el inter\u00e9s por dotar de estos sistemas a algunas escuelas de la localidad. Dijo a los presentes que su Gobierno actualmente se encuentra gestionando con la Comisi\u00f3n Nacional del Agua (CONAGUA) el aumento del l\u00edquido para Atizap\u00e1n de Zaragoza debido a que se ha reducido en un 30 por ciento su abasto; lo anterior, derivado de los bajos niveles de las presas que abastecen al Valle de M\u00e9xico.<\/p>\n\n\n\n<p>Por su parte, David Romero, Gerente General de M\u00e9xico y Centroam\u00e9rica de Reckitt, agradeci\u00f3 el apoyo al Alcalde atizapense y dijo que el proyecto, tambi\u00e9n conocido como Agua Positiva, busca implementar tecnolog\u00eda sustentable y hacer m\u00e1s eficientes los procesos de agua para apoyar el acceso a la higiene, salud y calidad en los servicios de los planteles educativos, impulsando as\u00ed un \u00f3ptimo desempe\u00f1o escolar.<\/p>\n\n\n\n<p>Agreg\u00f3 que la iniciativa, se alinea con la agenda 2030 en el tema de agua sostenible. Tambi\u00e9n inform\u00f3 que este sistema piloto adaptado a seis planteles escolares beneficia a m\u00e1s de 4 mil estudiantes de nivel primaria, secundaria y preparatoria de Atizap\u00e1n de Zaragoza.<\/p>\n\n\n\n<p>En su intervenci\u00f3n Pipola G\u00f3mez, Coordinadora de Proyectos de Agua Capital, Fondo de Agua de la Ciudad de M\u00e9xico, dijo que trabajar en alianza con Reckitt complementa el Programa Cosecha Capital y as\u00ed impulsar nuevos h\u00e1bitos h\u00eddricos y hacer frente a la sequ\u00eda que se padece en M\u00e9xico.<\/p>\n\n\n\n<p>Al evento \u201cEscuela de Lluvia\u201d, asistieron Edgardo \u00c1vila Esquivel, Director de la Escuela Preparatoria Oficial No. 87; Jaqueline Buzas, Directora de Recursos Humanos de Reckitt; Iv\u00e1n Murgu\u00eda, Director de la Planta de Reckitt Atizap\u00e1n de Zaragoza y el Supervisor Escolar de la Zona P088, Salvador Alejandro Mois\u00e9s Noriega.<\/p>\n\n\n\n<p>Por parte del Ayuntamiento, asistieron Jes\u00fas Mendoza Rivera, Primer Regidor; Armida \u00c1lvarez Guti\u00e9rrez, Segunda Regidora; Daniel Altamirano Guti\u00e9rrez, Quinto Regidor; Efra\u00edn Medina Moreno, Tercer Regidor; Marycarmen Reyes Orozco, Cuarta Regidora; Rosalia Teodoro Alvarado, Octava Regidora; Isaac Omar S\u00e1nchez Arce, S\u00edndico Municipal, as\u00ed como Fredy Hern\u00e1ndez B\u00e1rcenas, Director de Educaci\u00f3n y el Coordinador de Protecci\u00f3n Civil, Bomberos y Medio Ambiente, H\u00e9ctor Elorriaga Mej\u00eda.<\/p>\n","protected":false},"excerpt":{"rendered":"<p>Hoy no podemos desperdiciar el agua, hoy es muy importante que aprendamos a cambiar la&#8230;<\/p>\n","protected":false},"author":1,"featured_media":12139,"comment_status":"closed","ping_status":"closed","sticky":false,"template":"","format":"standard","meta":{"footnotes":""},"categories":[45],"tags":[],"class_list":["post-12138","post","type-post","status-publish","format-standard","has-post-thumbnail","hentry","category-atizapan-de-zaragoza"],"_links":{"self":[{"href":"https:\/\/www.notiflashmexiquense.com.mx\/index.php?rest_route=\/wp\/v2\/posts\/12138","targetHints":{"allow":["GET"]}}],"collection":[{"href":"https:\/\/www.notiflashmexiquense.com.mx\/index.php?rest_route=\/wp\/v2\/posts"}],"about":[{"href":"https:\/\/www.notiflashmexiquense.com.mx\/index.php?rest_route=\/wp\/v2\/types\/post"}],"author":[{"embeddable":true,"href":"https:\/\/www.notiflashmexiquense.com.mx\/index.php?rest_route=\/wp\/v2\/users\/1"}],"replies":[{"embeddable":true,"href":"https:\/\/www.notiflashmexiquense.com.mx\/index.php?rest_route=%2Fwp%2Fv2%2Fcomments&post=12138"}],"version-history":[{"count":2,"href":"https:\/\/www.notiflashmexiquense.com.mx\/index.php?rest_route=\/wp\/v2\/posts\/12138\/revisions"}],"predecessor-version":[{"id":12141,"href":"https:\/\/www.notiflashmexiquense.com.mx\/index.php?rest_route=\/wp\/v2\/posts\/12138\/revisions\/12141"}],"wp:featuredmedia":[{"embeddable":true,"href":"https:\/\/www.notiflashmexiquense.com.mx\/index.php?rest_route=\/wp\/v2\/media\/12139"}],"wp:attachment":[{"href":"https:\/\/www.notiflashmexiquense.com.mx\/index.php?rest_route=%2Fwp%2Fv2%2Fmedia&parent=12138"}],"wp:term":[{"taxonomy":"category","embeddable":true,"href":"https:\/\/www.notiflashmexiquense.com.mx\/index.php?rest_route=%2Fwp%2Fv2%2Fcategories&post=12138"},{"taxonomy":"post_tag","embeddable":true,"href":"https:\/\/www.notiflashmexiquense.com.mx\/index.php?rest_route=%2Fwp%2Fv2%2Ftags&post=12138"}],"curies":[{"name":"wp","href":"https:\/\/api.w.org\/{rel}","templated":true}]}}