{"id":12119,"date":"2023-03-13T21:37:59","date_gmt":"2023-03-13T21:37:59","guid":{"rendered":"https:\/\/www.notiflashmexiquense.com.mx\/?p=12119"},"modified":"2023-03-13T21:38:02","modified_gmt":"2023-03-13T21:38:02","slug":"aprueba-cabildo-reglamentos-internos-de-seguridad-ciudadana-y-desarrollo-urbano","status":"publish","type":"post","link":"https:\/\/www.notiflashmexiquense.com.mx\/?p=12119","title":{"rendered":"APRUEBA CABILDO REGLAMENTOS INTERNOS DE SEGURIDAD CIUDADANA Y DESARROLLO URBANO"},"content":{"rendered":"\n<p>\u2022 Tambi\u00e9n se aprob\u00f3 el nombramiento de Hugo Segura Luna como titular de la Direcci\u00f3n General de Administraci\u00f3n.<\/p>\n\n\n\n<p>En sesi\u00f3n ordinaria de Cabildo, el Cuerpo Edilicio de Naucalpan aprob\u00f3 por mayor\u00eda de votos el Reglamento Interno de la Direcci\u00f3n General de Seguridad Ciudadana y Movilidad Segura, el instrumento jur\u00eddico tiene el objetivo de que la dependencia se conduzca bajo los principios de legalidad, objetividad, eficiencia, profesionalismo, honradez y respeto a los derechos humanos.<\/p>\n\n\n\n<p>En este reglamento se establece que la Direcci\u00f3n General de Seguridad Ciudadana y Movilidad Segura ejercer\u00e1 la funci\u00f3n de seguridad p\u00fablica, preservando la integridad de personas e instituciones, as\u00ed como su patrimonio, a trav\u00e9s de la prevenci\u00f3n del delito, incrementando los niveles de seguridad y confianza en el orden p\u00fablico.<\/p>\n\n\n\n<p>El documento fue revisado y aprobado en la Segunda Sesi\u00f3n Extraordinaria de la Comisi\u00f3n Municipal de Mejora Regulatoria, adem\u00e1s del titular de la Direcci\u00f3n General Jur\u00eddica y Consultiva; tambi\u00e9n cuenta con el visto bueno de la Comisi\u00f3n Estatal de Mejora Regulatoria.<\/p>\n\n\n\n<p>Asimismo, los ediles aprobaron la expedici\u00f3n del Reglamento Interno de la Direcci\u00f3n General de Desarrollo Urbano para vigilar y supervisar el cumplimiento de las disposiciones legales y reglamentarias aplicables en materia de edificaci\u00f3n, ordenamiento urbano y construcciones en general.<\/p>\n\n\n\n<p>Tambi\u00e9n durante la quincuag\u00e9sima segunda sesi\u00f3n ordinaria de Cabildo, los integrantes del Ayuntamiento aprobaron el nombramiento de Hugo Segura Luna como titular de la Direcci\u00f3n General de Administraci\u00f3n, a quien la presidenta municipal Ang\u00e9lica Moya Mar\u00edn, tom\u00f3 protesta.<\/p>\n","protected":false},"excerpt":{"rendered":"<p>&bull; Tambi&eacute;n se aprob&oacute; el nombramiento de Hugo Segura Luna como titular de la Direcci&oacute;n&#8230;<\/p>\n","protected":false},"author":1,"featured_media":12120,"comment_status":"closed","ping_status":"closed","sticky":false,"template":"","format":"standard","meta":{"footnotes":""},"categories":[45],"tags":[],"class_list":["post-12119","post","type-post","status-publish","format-standard","has-post-thumbnail","hentry","category-atizapan-de-zaragoza"],"_links":{"self":[{"href":"https:\/\/www.notiflashmexiquense.com.mx\/index.php?rest_route=\/wp\/v2\/posts\/12119","targetHints":{"allow":["GET"]}}],"collection":[{"href":"https:\/\/www.notiflashmexiquense.com.mx\/index.php?rest_route=\/wp\/v2\/posts"}],"about":[{"href":"https:\/\/www.notiflashmexiquense.com.mx\/index.php?rest_route=\/wp\/v2\/types\/post"}],"author":[{"embeddable":true,"href":"https:\/\/www.notiflashmexiquense.com.mx\/index.php?rest_route=\/wp\/v2\/users\/1"}],"replies":[{"embeddable":true,"href":"https:\/\/www.notiflashmexiquense.com.mx\/index.php?rest_route=%2Fwp%2Fv2%2Fcomments&post=12119"}],"version-history":[{"count":1,"href":"https:\/\/www.notiflashmexiquense.com.mx\/index.php?rest_route=\/wp\/v2\/posts\/12119\/revisions"}],"predecessor-version":[{"id":12121,"href":"https:\/\/www.notiflashmexiquense.com.mx\/index.php?rest_route=\/wp\/v2\/posts\/12119\/revisions\/12121"}],"wp:featuredmedia":[{"embeddable":true,"href":"https:\/\/www.notiflashmexiquense.com.mx\/index.php?rest_route=\/wp\/v2\/media\/12120"}],"wp:attachment":[{"href":"https:\/\/www.notiflashmexiquense.com.mx\/index.php?rest_route=%2Fwp%2Fv2%2Fmedia&parent=12119"}],"wp:term":[{"taxonomy":"category","embeddable":true,"href":"https:\/\/www.notiflashmexiquense.com.mx\/index.php?rest_route=%2Fwp%2Fv2%2Fcategories&post=12119"},{"taxonomy":"post_tag","embeddable":true,"href":"https:\/\/www.notiflashmexiquense.com.mx\/index.php?rest_route=%2Fwp%2Fv2%2Ftags&post=12119"}],"curies":[{"name":"wp","href":"https:\/\/api.w.org\/{rel}","templated":true}]}}