{"id":12116,"date":"2023-03-13T00:18:36","date_gmt":"2023-03-13T00:18:36","guid":{"rendered":"https:\/\/www.notiflashmexiquense.com.mx\/?p=12116"},"modified":"2023-03-13T00:18:43","modified_gmt":"2023-03-13T00:18:43","slug":"alrededor-del-70-en-el-estado-de-mexico-considera-que-se-necesita-un-cambio-en-la-gubernatura-encuestas","status":"publish","type":"post","link":"https:\/\/www.notiflashmexiquense.com.mx\/?p=12116","title":{"rendered":"Alrededor del 70% en el Estado de M\u00e9xico considera que se necesita un cambio en la gubernatura: Encuestas"},"content":{"rendered":"\n<p><strong>TOLUCA, Estado de M\u00e9xico<\/strong>.- Alrededor del 70 por ciento de las personas encuestadas por firmas prestigiadas como Covarrubias y Asociados, Enkoll, Ceplan y VOTIA considera que en el <strong>Estado de M\u00e9xico<\/strong> debe haber un cambio en el gobierno estatal.<\/p>\n\n\n\n<p>En la encuesta publicada el 10 de marzo por Covarrubias y Asociados, a la pregunta \u201cEn su opini\u00f3n, \u00bfqu\u00e9 es mejor para el <strong>Estado de M\u00e9xico<\/strong> en este momento?\u201d, <strong>el 71 por ciento<\/strong> de las personas encuestadas contest\u00f3 \u201cQue haya un cambio de partido en el gobierno\u201d; el 19 por ciento contest\u00f3 que se mantenga como est\u00e1, mientras que el 10 por ciento dijo que \u201cno sabe\u201d.<\/p>\n\n\n\n<p>En el mismo estudio, el 47 por ciento contest\u00f3 \u201c<strong>MORENA<\/strong>\u201d a la pregunta \u201cY en su opini\u00f3n, \u00bfcu\u00e1l de los siguientes partidos representa un cambio en el <strong>Estado de M\u00e9xico<\/strong>?\u201d; el 10 por ciento dijo que el PAN.<\/p>\n\n\n\n<p>De igual forma, se pregunt\u00f3 \u201c\u00bfCu\u00e1l de los siguientes candidatos y candidatas representa un cambio para el <strong>Estado de M\u00e9xico<\/strong>?\u201d a lo que el 44 por ciento de las personas muestreadas respondi\u00f3 que la maestra <strong>Delfina G\u00f3mez<\/strong>.<\/p>\n\n\n\n<p>A semanas del arranque de las campa\u00f1as, en la encuesta de Enkoll, publicada el 9 de febrero, se pregunt\u00f3 \u201c\u00bfqu\u00e9 es mejor para el <strong>Estado de M\u00e9xico<\/strong> en este momento?\u201d A lo que el <strong>71 por ciento<\/strong> respondi\u00f3: \u201cQue haya un cambio de partido en el gobierno\u201d y s\u00f3lo un 25 por ciento plante\u00f3 que sigan los mismos.<\/p>\n\n\n\n<p>En el caso de la encuesta del Centro de Planeaci\u00f3n Estrat\u00e9gica y Prospectiva Pol\u00edtica (CEPLAN), publicada en enero, a la pregunta \u201c\u00bfUsted prefiere que en el <strong>Estado de M\u00e9xico<\/strong> siga gobernando el PRI o que gobierne otro partido?\u201d, el <strong>70.2 por ciento<\/strong> contest\u00f3 \u201cque gobierne otro partido\u201d, en tanto el 22.7 por ciento respondi\u00f3 \u201cque siga gobernando el PRI\u201d.<\/p>\n\n\n\n<p>Mientras que en la m\u00e1s reciente encuesta de VOTIA, publicada el 1\u00ba de marzo, se pregunt\u00f3: \u201cIndependientemente de su preferencia pol\u00edtica o partidista, pensando s\u00f3lo en el bienestar de su familia, \u00bfqu\u00e9 es m\u00e1s importante para usted, que el pr\u00f3ximo Gobernador siga siendo del PRI como el actual o que sea de otro partido?\u201d, el <strong>67 por ciento<\/strong> de mexiquenses encuestados contest\u00f3 que \u201csea de otro partido\u201d. El 17 por ciento respondi\u00f3 que \u201csiga siendo el PRI\u201d.<\/p>\n\n\n\n<p>Las encuestas referidas pueden ser consultas en los siguientes links:<\/p>\n\n\n\n<figure class=\"wp-block-embed\"><div class=\"wp-block-embed__wrapper\">\nhttps:\/\/www.pulso.com.mx\/userfiles\/pulso_2018\/file\/Edomex_Prensa_feb23.pdf\n<\/div><\/figure>\n\n\n\n<figure class=\"wp-block-embed\"><div class=\"wp-block-embed__wrapper\">\nhttps:\/\/www.enkoll.com\/wp-content\/uploads\/2023\/02\/RUMBO-A-LA-GUBERNATURA-DEL-ESTADO-DE-MEXICO-090223.pdf\n<\/div><\/figure>\n\n\n\n<figure class=\"wp-block-embed\"><div class=\"wp-block-embed__wrapper\">\nhttps:\/\/www.ceplan.com.mx\/encuesta-estatal-2023\/\n<\/div><\/figure>\n\n\n\n<figure class=\"wp-block-embed is-type-wp-embed is-provider-votia-agencia-de-investigacion-social wp-block-embed-votia-agencia-de-investigacion-social\"><div class=\"wp-block-embed__wrapper\">\nhttps:\/\/www.votia.com.mx\/rumbo-a-elecciones-2023-clima-politico-en-el-estado-de-mexico-medicion-febrero-2023\/\n<\/div><\/figure>\n","protected":false},"excerpt":{"rendered":"<p>TOLUCA, Estado de M&eacute;xico.- Alrededor del 70 por ciento de las personas encuestadas por firmas&#8230;<\/p>\n","protected":false},"author":1,"featured_media":12117,"comment_status":"closed","ping_status":"closed","sticky":false,"template":"","format":"standard","meta":{"footnotes":""},"categories":[1],"tags":[],"class_list":["post-12116","post","type-post","status-publish","format-standard","has-post-thumbnail","hentry","category-noticias"],"_links":{"self":[{"href":"https:\/\/www.notiflashmexiquense.com.mx\/index.php?rest_route=\/wp\/v2\/posts\/12116","targetHints":{"allow":["GET"]}}],"collection":[{"href":"https:\/\/www.notiflashmexiquense.com.mx\/index.php?rest_route=\/wp\/v2\/posts"}],"about":[{"href":"https:\/\/www.notiflashmexiquense.com.mx\/index.php?rest_route=\/wp\/v2\/types\/post"}],"author":[{"embeddable":true,"href":"https:\/\/www.notiflashmexiquense.com.mx\/index.php?rest_route=\/wp\/v2\/users\/1"}],"replies":[{"embeddable":true,"href":"https:\/\/www.notiflashmexiquense.com.mx\/index.php?rest_route=%2Fwp%2Fv2%2Fcomments&post=12116"}],"version-history":[{"count":1,"href":"https:\/\/www.notiflashmexiquense.com.mx\/index.php?rest_route=\/wp\/v2\/posts\/12116\/revisions"}],"predecessor-version":[{"id":12118,"href":"https:\/\/www.notiflashmexiquense.com.mx\/index.php?rest_route=\/wp\/v2\/posts\/12116\/revisions\/12118"}],"wp:featuredmedia":[{"embeddable":true,"href":"https:\/\/www.notiflashmexiquense.com.mx\/index.php?rest_route=\/wp\/v2\/media\/12117"}],"wp:attachment":[{"href":"https:\/\/www.notiflashmexiquense.com.mx\/index.php?rest_route=%2Fwp%2Fv2%2Fmedia&parent=12116"}],"wp:term":[{"taxonomy":"category","embeddable":true,"href":"https:\/\/www.notiflashmexiquense.com.mx\/index.php?rest_route=%2Fwp%2Fv2%2Fcategories&post=12116"},{"taxonomy":"post_tag","embeddable":true,"href":"https:\/\/www.notiflashmexiquense.com.mx\/index.php?rest_route=%2Fwp%2Fv2%2Ftags&post=12116"}],"curies":[{"name":"wp","href":"https:\/\/api.w.org\/{rel}","templated":true}]}}