{"id":12098,"date":"2023-03-11T20:44:05","date_gmt":"2023-03-11T20:44:05","guid":{"rendered":"https:\/\/www.notiflashmexiquense.com.mx\/?p=12098"},"modified":"2023-03-11T20:44:08","modified_gmt":"2023-03-11T20:44:08","slug":"en-naucalpan-caen-presuntos-asaltantes-en-motocicleta","status":"publish","type":"post","link":"https:\/\/www.notiflashmexiquense.com.mx\/?p=12098","title":{"rendered":"EN NAUCALPAN CAEN PRESUNTOS ASALTANTES EN MOTOCICLETA"},"content":{"rendered":"\n<ul class=\"wp-block-list\">\n<li>Es la segunda detenci\u00f3n en menos de una semana de sujetos que delinquen con este \u2018modus operandi\u2019.<\/li>\n<\/ul>\n\n\n\n<p>En un lapso de cuatro d\u00edas, polic\u00edas de Naucalpan lograron la captura de cuatro probables responsables de cometer robo con violencia a transe\u00fante utilizando una motocicleta para acercarse a sus v\u00edctimas y posteriormente huir, il\u00edcitos registrados sobre avenida 16 de Septiembre, una de las v\u00edas de acceso al metro Cuatro Caminos.<\/p>\n\n\n\n<p>La Direcci\u00f3n General de Seguridad Ciudadana y Movilidad Segura inform\u00f3 que luego de una persecuci\u00f3n en calles del fraccionamiento Industrial Alce Blanco, polic\u00edas municipales detuvieron a dos sujetos se\u00f1alados de haber cometido un robo con este \u2018modus operandi\u2019.<\/p>\n\n\n\n<p>Indic\u00f3 que sobre avenida 16 de Septiembre y Calle 4, dos elementos de la corporaci\u00f3n atendieron la solicitud de auxilio de una mujer de 22 a\u00f1os, ya que fue despojada de su cartera y un celular iPhone 11 por tres hombres, quienes fueron reconocidos y ubicados por la v\u00edctima metros adelante a bordo de una motocicleta.<\/p>\n\n\n\n<p>Cuando se les marc\u00f3 el alto, los sujetos emprendieron la huida, sin embargo, se estrellaron con un veh\u00edculo Chevrolet Aveo blanco placas del Estado de M\u00e9xico, momento en que los dos uniformados lograron detener a Alberto \u2018N\u2019 y Gerardo Dami\u00e1n \u2018N\u2019, ambos de 18 a\u00f1os, d\u00e1ndose a la fuga el tercer sospechoso, a quien sus c\u00f3mplices se\u00f1alaron como el que llevaba un arma de fuego.<\/p>\n\n\n\n<p>A los dos detenidos se les realiz\u00f3 una revisi\u00f3n en la que se encontr\u00f3 un cuchillo, adem\u00e1s del celular y la cartera de la v\u00edctima, por lo que fueron presentados ante el Ministerio P\u00fablico donde se abri\u00f3 una carpeta de investigaci\u00f3n por el delito de robo con violencia.<\/p>\n\n\n\n<p>En otra acci\u00f3n efectuada hace unos d\u00edas, elementos de seguridad ciudadana del municipio atendieron un reporte sobre unos j\u00f3venes que a bordo de una motocicleta robaban con armas blancas a transe\u00fantes en el paradero del metro Cuatro Caminos, por lo que dos unidades realizaron patrullajes por la zona y lograron ubicar a tres j\u00f3venes en calle 16 de Septiembre.<\/p>\n\n\n\n<p>Los elementos municipales les marcaron el alto, pero al hacer caso omiso, se inici\u00f3 una persecuci\u00f3n que concluy\u00f3 en el cruce de Ferrocarriles Nacionales y Salvador S\u00e1nchez Col\u00edn, casi en los l\u00edmites con Ciudad de M\u00e9xico, donde la motocicleta derrap\u00f3 y se logr\u00f3 la detenci\u00f3n de dos de los tres sospechosos, a quienes se le encontr\u00f3, a cada uno, un cuchillo.<\/p>\n\n\n\n<p>Los dos detenidos, Donovan Fabi\u00e1n \u2018N\u2019 y Arturo \u2018N\u2019, ambos de 18 a\u00f1os con domicilio en la Ciudad de M\u00e9xico, fueron presentados al Ministerio P\u00fablico, donde se inici\u00f3 una carpeta de investigaci\u00f3n por \u201cportaci\u00f3n, tr\u00e1fico y acopio de armas\u201d.<\/p>\n","protected":false},"excerpt":{"rendered":"<p>En un lapso de cuatro d&iacute;as, polic&iacute;as de Naucalpan lograron la captura de cuatro probables&#8230;<\/p>\n","protected":false},"author":1,"featured_media":12099,"comment_status":"closed","ping_status":"closed","sticky":false,"template":"","format":"standard","meta":{"footnotes":""},"categories":[45],"tags":[],"class_list":["post-12098","post","type-post","status-publish","format-standard","has-post-thumbnail","hentry","category-atizapan-de-zaragoza"],"_links":{"self":[{"href":"https:\/\/www.notiflashmexiquense.com.mx\/index.php?rest_route=\/wp\/v2\/posts\/12098","targetHints":{"allow":["GET"]}}],"collection":[{"href":"https:\/\/www.notiflashmexiquense.com.mx\/index.php?rest_route=\/wp\/v2\/posts"}],"about":[{"href":"https:\/\/www.notiflashmexiquense.com.mx\/index.php?rest_route=\/wp\/v2\/types\/post"}],"author":[{"embeddable":true,"href":"https:\/\/www.notiflashmexiquense.com.mx\/index.php?rest_route=\/wp\/v2\/users\/1"}],"replies":[{"embeddable":true,"href":"https:\/\/www.notiflashmexiquense.com.mx\/index.php?rest_route=%2Fwp%2Fv2%2Fcomments&post=12098"}],"version-history":[{"count":1,"href":"https:\/\/www.notiflashmexiquense.com.mx\/index.php?rest_route=\/wp\/v2\/posts\/12098\/revisions"}],"predecessor-version":[{"id":12100,"href":"https:\/\/www.notiflashmexiquense.com.mx\/index.php?rest_route=\/wp\/v2\/posts\/12098\/revisions\/12100"}],"wp:featuredmedia":[{"embeddable":true,"href":"https:\/\/www.notiflashmexiquense.com.mx\/index.php?rest_route=\/wp\/v2\/media\/12099"}],"wp:attachment":[{"href":"https:\/\/www.notiflashmexiquense.com.mx\/index.php?rest_route=%2Fwp%2Fv2%2Fmedia&parent=12098"}],"wp:term":[{"taxonomy":"category","embeddable":true,"href":"https:\/\/www.notiflashmexiquense.com.mx\/index.php?rest_route=%2Fwp%2Fv2%2Fcategories&post=12098"},{"taxonomy":"post_tag","embeddable":true,"href":"https:\/\/www.notiflashmexiquense.com.mx\/index.php?rest_route=%2Fwp%2Fv2%2Ftags&post=12098"}],"curies":[{"name":"wp","href":"https:\/\/api.w.org\/{rel}","templated":true}]}}