{"id":12064,"date":"2023-03-10T03:04:23","date_gmt":"2023-03-10T03:04:23","guid":{"rendered":"https:\/\/www.notiflashmexiquense.com.mx\/?p=12064"},"modified":"2023-03-10T03:04:27","modified_gmt":"2023-03-10T03:04:27","slug":"ante-la-violencia-las-mujeres-estamos-unidas-por-un-cambio-que-garantice-nuestros-derechos-en-el-estado-de-mexico-delfina-gomez","status":"publish","type":"post","link":"https:\/\/www.notiflashmexiquense.com.mx\/?p=12064","title":{"rendered":"Ante la violencia, las mujeres estamos unidas por un cambio que garantice nuestros derechos en el Estado de M\u00e9xico: Delfina G\u00f3mez"},"content":{"rendered":"\n<ul class=\"wp-block-list\">\n<li><em>Con 4 mil militantes y simpatizantes de <\/em><strong><em>MORENA<\/em><\/strong><em>, la maestra pidi\u00f3 alzar la voz para detener la violencia que ocho de cada 10 mujeres han sufrido en la entidad<\/em><\/li>\n<\/ul>\n\n\n\n<p><strong>NAUCALPAN, Estado de M\u00e9xico<\/strong>.- Durante su participaci\u00f3n como invitada en la conmemoraci\u00f3n del D\u00eda Internacional de la Mujer en el WTC de <strong>Naucalpan<\/strong>, la maestra <strong>Delfina G\u00f3mez \u00c1lvarez<\/strong> destac\u00f3 que hoy m\u00e1s que nunca, las mujeres debemos estar unidas y ser aguerridas en la lucha por un cambio que garantice el respeto de los derechos de todas en el <strong>Estado de M\u00e9xico<\/strong>.&nbsp;&nbsp;<\/p>\n\n\n\n<p>\u201cEl 8 de marzo no es para festejar, es para reflexionar y hacer un balance de qu\u00e9 tanto hemos avanzado y de qu\u00e9 tanto nos falta. Pido un reconocimiento para aquellas mujeres que se nos adelantaron pero que dejaron un gran legado, y por eso tenemos que dejarles a las que vienen un gran camino\u201d, afirm\u00f3 emocionada.<\/p>\n\n\n\n<p>Ante 4 mil mujeres militantes y simpatizantes del partido <strong>MORENA <\/strong>en el evento de \u201cConmemoraci\u00f3n del 8 de marzo, D\u00eda Internacional de la Mujer\u201d convocado por el citado instituto pol\u00edtico, la maestra <strong>Delfina G\u00f3mez<\/strong> pidi\u00f3 alzar la voz para detener todos los tipos de violencia de los que han sido v\u00edctimas ocho de cada 10 mujeres en el <strong>Estado de M\u00e9xico<\/strong>, de acuerdo con un informe publicado en 2021 por el Instituto Nacional de Estad\u00edstica y Geograf\u00eda (INEGI).<\/p>\n\n\n\n<p>\u201cDe acuerdo con datos del INEGI, 8 de cada 10 de nuestras hijas, madres y hermanas han sido v\u00edctimas de alg\u00fan tipo de violencia psicol\u00f3gica, f\u00edsica, sexual, econ\u00f3mica o patrimonial en el <strong>Estado de M\u00e9xico<\/strong>. Por eso exijamos, hoy m\u00e1s que nunca, que esa violencia contra nosotras se detenga\u201d, expres\u00f3 en\u00e9rgicamente la maestra <strong>Delfina G\u00f3mez<\/strong>.<\/p>\n\n\n\n<p>La texcocana se\u00f1al\u00f3 que vivir libre de violencia es un derecho de todas las mujeres. \u201cVivir en paz, libres y sin miedo no son privilegios, son nuestros derechos b\u00e1sicos como mujeres. Y el D\u00eda Internacional de la Mujer s\u00f3lo nos recuerda que debemos intensificar la lucha para hacer cumplir ese derecho\u201d, sostuvo.<\/p>\n\n\n\n<p>La maestra <strong>Delfina G\u00f3mez<\/strong> pidi\u00f3 a las mujeres que luchen por sus sue\u00f1os. Dijo que hay mucho que hacer \u201cs\u00ed\u201d, pero agreg\u00f3, \u201cdebemos hacer lo que nos toca, como denunciar la violencia de g\u00e9nero o trabajar a favor de los grupos vulnerables de mujeres\u201d.<\/p>\n\n\n\n<p>Al hacer uso de la palabra, <strong>Martha Guerrero<\/strong>, presidenta de <strong>MORENA<\/strong> en el <strong>Estado de M\u00e9xico<\/strong>, \u201cel 8 de marzo es para reconocer a todas esas mujeres que tienen la fuerza para luchar por un pa\u00eds sin miedo y con igualdad de oportunidades\u201d.<\/p>\n\n\n\n<p>Por su parte, <strong>M\u00f3nica Ch\u00e1vez<\/strong>, secretaria estatal de las mujeres de <strong>MORENA<\/strong>, afirm\u00f3 que hoy es un d\u00eda para recordar a todas las mujeres que durante siglos resistieron el autoritarismo. Dijo que hoy es un d\u00eda para hacer un balance y pensar en lo que vamos a hacer. Seguimos luchando por una vida libre de violencia, \u201cluchamos para seguir vivas\u201d.<\/p>\n","protected":false},"excerpt":{"rendered":"<p>NAUCALPAN, Estado de M&eacute;xico.- Durante su participaci&oacute;n como invitada en la conmemoraci&oacute;n del D&iacute;a Internacional&#8230;<\/p>\n","protected":false},"author":1,"featured_media":12065,"comment_status":"closed","ping_status":"closed","sticky":false,"template":"","format":"standard","meta":{"footnotes":""},"categories":[1],"tags":[],"class_list":["post-12064","post","type-post","status-publish","format-standard","has-post-thumbnail","hentry","category-noticias"],"_links":{"self":[{"href":"https:\/\/www.notiflashmexiquense.com.mx\/index.php?rest_route=\/wp\/v2\/posts\/12064","targetHints":{"allow":["GET"]}}],"collection":[{"href":"https:\/\/www.notiflashmexiquense.com.mx\/index.php?rest_route=\/wp\/v2\/posts"}],"about":[{"href":"https:\/\/www.notiflashmexiquense.com.mx\/index.php?rest_route=\/wp\/v2\/types\/post"}],"author":[{"embeddable":true,"href":"https:\/\/www.notiflashmexiquense.com.mx\/index.php?rest_route=\/wp\/v2\/users\/1"}],"replies":[{"embeddable":true,"href":"https:\/\/www.notiflashmexiquense.com.mx\/index.php?rest_route=%2Fwp%2Fv2%2Fcomments&post=12064"}],"version-history":[{"count":1,"href":"https:\/\/www.notiflashmexiquense.com.mx\/index.php?rest_route=\/wp\/v2\/posts\/12064\/revisions"}],"predecessor-version":[{"id":12066,"href":"https:\/\/www.notiflashmexiquense.com.mx\/index.php?rest_route=\/wp\/v2\/posts\/12064\/revisions\/12066"}],"wp:featuredmedia":[{"embeddable":true,"href":"https:\/\/www.notiflashmexiquense.com.mx\/index.php?rest_route=\/wp\/v2\/media\/12065"}],"wp:attachment":[{"href":"https:\/\/www.notiflashmexiquense.com.mx\/index.php?rest_route=%2Fwp%2Fv2%2Fmedia&parent=12064"}],"wp:term":[{"taxonomy":"category","embeddable":true,"href":"https:\/\/www.notiflashmexiquense.com.mx\/index.php?rest_route=%2Fwp%2Fv2%2Fcategories&post=12064"},{"taxonomy":"post_tag","embeddable":true,"href":"https:\/\/www.notiflashmexiquense.com.mx\/index.php?rest_route=%2Fwp%2Fv2%2Ftags&post=12064"}],"curies":[{"name":"wp","href":"https:\/\/api.w.org\/{rel}","templated":true}]}}