{"id":12057,"date":"2023-03-10T02:23:43","date_gmt":"2023-03-10T02:23:43","guid":{"rendered":"https:\/\/www.notiflashmexiquense.com.mx\/?p=12057"},"modified":"2023-03-10T02:23:46","modified_gmt":"2023-03-10T02:23:46","slug":"apoyara-naucalpan-a-posibles-victimas-de-robo-en-av-conscripto","status":"publish","type":"post","link":"https:\/\/www.notiflashmexiquense.com.mx\/?p=12057","title":{"rendered":"APOYAR\u00c1 NAUCALPAN A POSIBLES V\u00cdCTIMAS DE ROBO EN AV. CONSCRIPTO"},"content":{"rendered":"\n<p>El gobierno de Naucalpan brindar\u00e1 asesor\u00eda jur\u00eddica para presentar sus denuncias, a las y los automovilistas que radiquen en la demarcaci\u00f3n y pudieran haber sido v\u00edctimas de robo con violencia a bordo de sus autom\u00f3viles sobre avenida Conscripto, a manos del sujeto detenido este jueves por polic\u00edas de la Ciudad de M\u00e9xico.<\/p>\n\n\n\n<p>La Direcci\u00f3n General de Seguridad Ciudadana y Movilidad Segura de Naucalpan inform\u00f3 que por instrucciones de la alcaldesa Ang\u00e9lica Moya Mar\u00edn, personal de esta dependencia especializado en atenci\u00f3n a v\u00edctimas, brindar\u00e1 la asesor\u00eda y el apoyo que requieran los ciudadanos para iniciar el proceso de denuncia ante la Fiscal\u00eda Regional de Naucalpan o de la Ciudad de M\u00e9xico, seg\u00fan corresponda.<\/p>\n\n\n\n<p>Como se recordar\u00e1, recientemente un conductor que transitaba por la vialidad referida grab\u00f3 el momento en que un sujeto se acerc\u00f3 a un automovilista, lo amedrent\u00f3 con un arma de fuego para despojarlo de sus pertenencias. En dicho video, difundido por redes sociales y medios de comunicaci\u00f3n, se ve claramente el rostro del presunto delincuente.<\/p>\n\n\n\n<p>Por ello, se exhorta a la ciudadan\u00eda que haya sido v\u00edctima y reconozca al detenido como el sujeto que los asalt\u00f3 con violencia, a que lo denuncien para que estos hechos no queden impunes y se busque la reparaci\u00f3n del da\u00f1o.<\/p>\n\n\n\n<p>Avenida Conscripto es uno de los accesos al municipio desde la Ciudad de M\u00e9xico, por donde circulan miles de naucalpenses que habitan en comunidades como Bosques de la Herradura, Lomas de Tecamachalco, Lomas Hip\u00f3dromo, Ni\u00f1os H\u00e9roes, Independencia, entre otras comunidades.<\/p>\n","protected":false},"excerpt":{"rendered":"<p>El gobierno de Naucalpan brindar&aacute; asesor&iacute;a jur&iacute;dica para presentar sus denuncias, a las y los&#8230;<\/p>\n","protected":false},"author":1,"featured_media":12058,"comment_status":"closed","ping_status":"closed","sticky":false,"template":"","format":"standard","meta":{"footnotes":""},"categories":[45],"tags":[],"class_list":["post-12057","post","type-post","status-publish","format-standard","has-post-thumbnail","hentry","category-atizapan-de-zaragoza"],"_links":{"self":[{"href":"https:\/\/www.notiflashmexiquense.com.mx\/index.php?rest_route=\/wp\/v2\/posts\/12057","targetHints":{"allow":["GET"]}}],"collection":[{"href":"https:\/\/www.notiflashmexiquense.com.mx\/index.php?rest_route=\/wp\/v2\/posts"}],"about":[{"href":"https:\/\/www.notiflashmexiquense.com.mx\/index.php?rest_route=\/wp\/v2\/types\/post"}],"author":[{"embeddable":true,"href":"https:\/\/www.notiflashmexiquense.com.mx\/index.php?rest_route=\/wp\/v2\/users\/1"}],"replies":[{"embeddable":true,"href":"https:\/\/www.notiflashmexiquense.com.mx\/index.php?rest_route=%2Fwp%2Fv2%2Fcomments&post=12057"}],"version-history":[{"count":1,"href":"https:\/\/www.notiflashmexiquense.com.mx\/index.php?rest_route=\/wp\/v2\/posts\/12057\/revisions"}],"predecessor-version":[{"id":12059,"href":"https:\/\/www.notiflashmexiquense.com.mx\/index.php?rest_route=\/wp\/v2\/posts\/12057\/revisions\/12059"}],"wp:featuredmedia":[{"embeddable":true,"href":"https:\/\/www.notiflashmexiquense.com.mx\/index.php?rest_route=\/wp\/v2\/media\/12058"}],"wp:attachment":[{"href":"https:\/\/www.notiflashmexiquense.com.mx\/index.php?rest_route=%2Fwp%2Fv2%2Fmedia&parent=12057"}],"wp:term":[{"taxonomy":"category","embeddable":true,"href":"https:\/\/www.notiflashmexiquense.com.mx\/index.php?rest_route=%2Fwp%2Fv2%2Fcategories&post=12057"},{"taxonomy":"post_tag","embeddable":true,"href":"https:\/\/www.notiflashmexiquense.com.mx\/index.php?rest_route=%2Fwp%2Fv2%2Ftags&post=12057"}],"curies":[{"name":"wp","href":"https:\/\/api.w.org\/{rel}","templated":true}]}}