{"id":12034,"date":"2023-03-08T23:35:38","date_gmt":"2023-03-08T23:35:38","guid":{"rendered":"https:\/\/www.notiflashmexiquense.com.mx\/?p=12034"},"modified":"2023-03-08T23:35:40","modified_gmt":"2023-03-08T23:35:40","slug":"levantemos-el-puno-y-la-voz-contra-la-desigualdad-y-la-violencia-hacia-las-mujeres-mexiquenses-delfina-gomez","status":"publish","type":"post","link":"https:\/\/www.notiflashmexiquense.com.mx\/?p=12034","title":{"rendered":"Levantemos el pu\u00f1o y la voz contra la desigualdad y la violencia hacia las mujeres mexiquenses: Delfina G\u00f3mez"},"content":{"rendered":"\n<p>La maestra Delfina G\u00f3mez \u00c1lvarez hizo un llamado a las mujeres mexiquenses a levantar el pu\u00f1o y la voz en contra de la desigualdad y la violencia que a\u00fan impide a las mujeres ejercer sus derechos libremente.<\/p>\n\n\n\n<p>\u201cEl D\u00eda Internacional de la Mujer es un d\u00eda de reflexi\u00f3n. Es un d\u00eda para continuar visibilizando la desigualdad, la violencia y la discriminaci\u00f3n que a\u00fan viven muchas mujeres en el Estado de M\u00e9xico. Reconozcamos a esas mujeres que nos antecedieron en esta lucha por el respeto de nuestros derechos\u201d, afirm\u00f3 la maestra Delfina G\u00f3mez.<\/p>\n\n\n\n<p>\u201cHoy 8 de marzo, un\u00e1monos con dos objetivos muy claros: fortalecer el avance en la igualdad de g\u00e9nero y la defensa de los derechos de las mujeres. \u00a1Que vivan las mujeres!\u201d, declar\u00f3 la maestra Delfina G\u00f3mez.<\/p>\n","protected":false},"excerpt":{"rendered":"<p>La maestra Delfina G&oacute;mez &Aacute;lvarez hizo un llamado a las mujeres mexiquenses a levantar el&#8230;<\/p>\n","protected":false},"author":1,"featured_media":12035,"comment_status":"closed","ping_status":"closed","sticky":false,"template":"","format":"standard","meta":{"footnotes":""},"categories":[1],"tags":[],"class_list":["post-12034","post","type-post","status-publish","format-standard","has-post-thumbnail","hentry","category-noticias"],"_links":{"self":[{"href":"https:\/\/www.notiflashmexiquense.com.mx\/index.php?rest_route=\/wp\/v2\/posts\/12034","targetHints":{"allow":["GET"]}}],"collection":[{"href":"https:\/\/www.notiflashmexiquense.com.mx\/index.php?rest_route=\/wp\/v2\/posts"}],"about":[{"href":"https:\/\/www.notiflashmexiquense.com.mx\/index.php?rest_route=\/wp\/v2\/types\/post"}],"author":[{"embeddable":true,"href":"https:\/\/www.notiflashmexiquense.com.mx\/index.php?rest_route=\/wp\/v2\/users\/1"}],"replies":[{"embeddable":true,"href":"https:\/\/www.notiflashmexiquense.com.mx\/index.php?rest_route=%2Fwp%2Fv2%2Fcomments&post=12034"}],"version-history":[{"count":1,"href":"https:\/\/www.notiflashmexiquense.com.mx\/index.php?rest_route=\/wp\/v2\/posts\/12034\/revisions"}],"predecessor-version":[{"id":12036,"href":"https:\/\/www.notiflashmexiquense.com.mx\/index.php?rest_route=\/wp\/v2\/posts\/12034\/revisions\/12036"}],"wp:featuredmedia":[{"embeddable":true,"href":"https:\/\/www.notiflashmexiquense.com.mx\/index.php?rest_route=\/wp\/v2\/media\/12035"}],"wp:attachment":[{"href":"https:\/\/www.notiflashmexiquense.com.mx\/index.php?rest_route=%2Fwp%2Fv2%2Fmedia&parent=12034"}],"wp:term":[{"taxonomy":"category","embeddable":true,"href":"https:\/\/www.notiflashmexiquense.com.mx\/index.php?rest_route=%2Fwp%2Fv2%2Fcategories&post=12034"},{"taxonomy":"post_tag","embeddable":true,"href":"https:\/\/www.notiflashmexiquense.com.mx\/index.php?rest_route=%2Fwp%2Fv2%2Ftags&post=12034"}],"curies":[{"name":"wp","href":"https:\/\/api.w.org\/{rel}","templated":true}]}}