{"id":12013,"date":"2023-03-07T02:55:46","date_gmt":"2023-03-07T02:55:46","guid":{"rendered":"https:\/\/www.notiflashmexiquense.com.mx\/?p=12013"},"modified":"2023-03-07T02:55:49","modified_gmt":"2023-03-07T02:55:49","slug":"las-mujeres-somos-garantia-de-cambio-delfina-gomez-agradece-la-participacion-de-las-mujeres-en-la-vida-publica","status":"publish","type":"post","link":"https:\/\/www.notiflashmexiquense.com.mx\/?p=12013","title":{"rendered":"\u00abLas mujeres somos garant\u00eda de cambio\u201d: Delfina G\u00f3mez agradece la participaci\u00f3n de las mujeres en la vida p\u00fablica"},"content":{"rendered":"\n<p>TOLUCA, Estado de M\u00e9xico.- La maestra Delfina G\u00f3mez \u00c1lvarez afirm\u00f3 que las mujeres son garant\u00eda de cambio e impulsan la transformaci\u00f3n en sus entidades y en todo el pa\u00eds, pues desde la toma de decisiones fortalecen la justicia social y apoyan a los m\u00e1s pobres.\u00a0<\/p>\n\n\n\n<p>\u201cLas mujeres somos garant\u00eda de transformaci\u00f3n. Me da un enorme gusto ver que cada vez somos m\u00e1s mujeres tomando decisiones importantes para el cambio que vive M\u00e9xico. Y lo hacemos desde diferentes encargos: como presidentas municipales, regidoras, s\u00edndicas, diputadas locales, diputadas federales, senadoras, gobernadoras y como ciudadanas\u201d, explic\u00f3 la maestra Delfina G\u00f3mez durante un evento por el D\u00eda Internacional de la Mujer.<\/p>\n\n\n\n<p>\u201cEstamos m\u00e1s unidas que nunca para continuar el cambio en el pa\u00eds, y tambi\u00e9n en el Estado de M\u00e9xico, de donde soy originaria. Gracias a todas mis compa\u00f1eras, amigas de lucha y representantes del movimiento\u201d, afirm\u00f3 la maestra Delfina G\u00f3mez.<\/p>\n\n\n\n<p>En el encuentro \u201cMujeres Haciendo Historia\u201d, organizado por la Secretar\u00eda de Mujeres de la Ciudad de M\u00e9xico, coincidi\u00f3 con la Jefa de Gobierno de la CDMX, Claudia Sheinbaum; las gobernadoras de Baja California, Marina del Pilar \u00c1vila; de Campeche, Layda Sansores; de Colima, Indira Vizca\u00edno; de Guerrero, Evelyn Salgado, y de Quintana Roo, Mara Lezama; y con las titulares de la Secretar\u00eda del Trabajo, Luisa Mar\u00eda Alcalde; de la Secretar\u00eda de Econom\u00eda, Raquel Buenrostro; de la Secretar\u00eda de Cultura, Alejandra Frausto, y con la senadora Olga S\u00e1nchez Cordero.<\/p>\n\n\n\n<p>La maestra Delfina G\u00f3mez destac\u00f3 que, a este logro, hay que sumar que \u201ca\u00fan debemos trabajar para que m\u00e1s mujeres se integren a la toma de decisiones. Y debemos comenzar por tener confianza en nosotras mismas para visibilizar nuestras luchas por la equidad de oportunidades, pero tambi\u00e9n por seguridad y el respeto de los dem\u00e1s\u201d.<\/p>\n\n\n\n<p>De acuerdo a datos de la Uni\u00f3n Interparlamentaria (UIP), M\u00e9xico est\u00e1 entre los cinco pa\u00edses que cuentan con un parlamento equitativo, formado en un 50% por mujeres, s\u00f3lo por debajo de Ruanda (61.3%), Cuba (53.4%) y Nicaragua (50.6%), y empatado con Emiratos \u00c1rabes Unidos (50%).<\/p>\n","protected":false},"excerpt":{"rendered":"<p>TOLUCA, Estado de M&eacute;xico.- La maestra Delfina G&oacute;mez &Aacute;lvarez afirm&oacute; que las mujeres son garant&iacute;a&#8230;<\/p>\n","protected":false},"author":1,"featured_media":12014,"comment_status":"closed","ping_status":"closed","sticky":false,"template":"","format":"standard","meta":{"footnotes":""},"categories":[1],"tags":[],"class_list":["post-12013","post","type-post","status-publish","format-standard","has-post-thumbnail","hentry","category-noticias"],"_links":{"self":[{"href":"https:\/\/www.notiflashmexiquense.com.mx\/index.php?rest_route=\/wp\/v2\/posts\/12013","targetHints":{"allow":["GET"]}}],"collection":[{"href":"https:\/\/www.notiflashmexiquense.com.mx\/index.php?rest_route=\/wp\/v2\/posts"}],"about":[{"href":"https:\/\/www.notiflashmexiquense.com.mx\/index.php?rest_route=\/wp\/v2\/types\/post"}],"author":[{"embeddable":true,"href":"https:\/\/www.notiflashmexiquense.com.mx\/index.php?rest_route=\/wp\/v2\/users\/1"}],"replies":[{"embeddable":true,"href":"https:\/\/www.notiflashmexiquense.com.mx\/index.php?rest_route=%2Fwp%2Fv2%2Fcomments&post=12013"}],"version-history":[{"count":1,"href":"https:\/\/www.notiflashmexiquense.com.mx\/index.php?rest_route=\/wp\/v2\/posts\/12013\/revisions"}],"predecessor-version":[{"id":12015,"href":"https:\/\/www.notiflashmexiquense.com.mx\/index.php?rest_route=\/wp\/v2\/posts\/12013\/revisions\/12015"}],"wp:featuredmedia":[{"embeddable":true,"href":"https:\/\/www.notiflashmexiquense.com.mx\/index.php?rest_route=\/wp\/v2\/media\/12014"}],"wp:attachment":[{"href":"https:\/\/www.notiflashmexiquense.com.mx\/index.php?rest_route=%2Fwp%2Fv2%2Fmedia&parent=12013"}],"wp:term":[{"taxonomy":"category","embeddable":true,"href":"https:\/\/www.notiflashmexiquense.com.mx\/index.php?rest_route=%2Fwp%2Fv2%2Fcategories&post=12013"},{"taxonomy":"post_tag","embeddable":true,"href":"https:\/\/www.notiflashmexiquense.com.mx\/index.php?rest_route=%2Fwp%2Fv2%2Ftags&post=12013"}],"curies":[{"name":"wp","href":"https:\/\/api.w.org\/{rel}","templated":true}]}}