{"id":11990,"date":"2023-03-05T22:27:07","date_gmt":"2023-03-05T22:27:07","guid":{"rendered":"https:\/\/www.notiflashmexiquense.com.mx\/?p=11990"},"modified":"2023-03-05T23:41:41","modified_gmt":"2023-03-05T23:41:41","slug":"celebran-en-atizapan-de-zaragoza-el-dia-de-la-familia-dos-mil-500-personas-se-concentran-en-la-explanada-municipal","status":"publish","type":"post","link":"https:\/\/www.notiflashmexiquense.com.mx\/?p=11990","title":{"rendered":"CELEBRAN EN ATIZAP\u00c1N DE ZARAGOZA EL D\u00cdA DE LA FAMILIA; DOS MIL 500 PERSONAS SE CONCENTRAN EN LA EXPLANADA MUNICIPAL"},"content":{"rendered":"\n<p>El Presidente Municipal de Atizap\u00e1n de Zaragoza, Pedro Rodr\u00edguez Villegas, acompa\u00f1ado de su esposa, la presidenta del Sistema DIF en la demarcaci\u00f3n, Patricia Ar\u00e9valo Rubio, celebraron junto con poco m\u00e1s de 2 mil quinientas personas el D\u00eda de la Familia.<\/p>\n\n\n\n<p>Entre rifas, regalos y baile, en la Explanada del Ayuntamiento, cientos de familias atizapenses se congregaron para celebrar esta fecha que se conmemor\u00f3 por primera vez en el a\u00f1o 2005 con el objetivo fomentar la integraci\u00f3n y uni\u00f3n familiar.<\/p>\n\n\n\n<p>En este sentido, la Presidenta del DIF Municipal, Patricia Ar\u00e9valo Rubio, record\u00f3 a todas y todos que la educaci\u00f3n que se ense\u00f1a a las y los ni\u00f1os en el hogar es la que van a proyectar fuera de casa, por ello, pidi\u00f3 a los padres y madres de familia hacer conciencia sobre los valores que se manejan al interior de casa.<\/p>\n\n\n\n<p>\u201cQuisiera que hici\u00e9ramos conciencia y que reflexion\u00e1ramos en lo que estamos haciendo en casa. Quisiera que haya m\u00e1s convivencia y comunicaci\u00f3n en las familias, que transmiti\u00e9ramos valores positivos como el respeto y el amor.<\/p>\n\n\n\n<p>\u201cSigamos trabajando d\u00eda con d\u00eda para mejorar las relaciones en el n\u00facleo familiar. Trabajemos por una mejor vida para nuestros hijos, que haya esa comunicaci\u00f3n y ese v\u00ednculo de respeto y que se vea proyectado en la sociedad\u201d, expres\u00f3 Ar\u00e9valo Rubio.<\/p>\n\n\n\n<p>Por su parte, el Presidente Municipal, Pedro Rodr\u00edguez Villegas, dijo que el Gobierno que administra busca todos los d\u00edas recomponer el tejido social a trav\u00e9s de diversas acciones en las escuelas y comunidades para transmitir valores que permitan a los ni\u00f1os ser hombres y mujeres responsables e \u00edntegros.<\/p>\n\n\n\n<p>\u201cEstoy muy contento de celebrar con todos ustedes el D\u00eda de la Familia, este es un Gobierno que trabaja todos los d\u00edas y que lucha por lograr la integraci\u00f3n familiar\u201d, expuso Rodr\u00edguez Villegas<\/p>\n\n\n\n<p>En el evento, gracias a las donaciones de empresas y empresarios, se obsequiaron 70 enseres dom\u00e9sticos como rec\u00e1maras, estufa, comedores y centros de entretenimiento, pantallas, tablets, hornos de microondas y licuadoras, as\u00ed como dos viajes a Canc\u00fan para cuatro personas por parte de la Presidenta del DIF y el Presidente Municipal.<\/p>\n\n\n\n<p>Por su parte, la Cuarta Regidora y el Tercer Regidor, Maricarmen Reyes Orozco y Efra\u00edn Medina Moreno, respectivamente, regalaron dos viajes a Acapulco para dos familias de cuatro integrantes.<\/p>\n\n\n\n<p>El evento inici\u00f3 desde la 10 de la ma\u00f1ana con el Show de Belly y Beto, continu\u00f3 con un imitador de Juan Gabriel y culmin\u00f3 con el Grupo Los Llayras.<\/p>\n\n\n\n<p>Uriel Hip\u00f3lito Aguilar, vecino de la colonia Bosques de Ixtacala, junto con su esposa, Yamileth Hern\u00e1ndez, ganadores de un comedor, se emocionaron al recibirlo y contaron que, \u201cno ten\u00edan uno en casa\u201d y que, decidieron asistir al evento apenas ayer.<\/p>\n\n\n\n<p>A la celebraci\u00f3n del D\u00eda de la Familia tambi\u00e9n asistieron el Director de Desarrollo Social, Rodrigo S\u00e1nchez de la Pe\u00f1a, el Director de Educaci\u00f3n Fredy Hern\u00e1ndez B\u00e1rcenas, la S\u00edndico Silvia M\u00e1rquez Velasco y la Directora del DIF municipal, Juana Mendoza Becerril.<\/p>\n","protected":false},"excerpt":{"rendered":"<p>https:\/\/youtu.be\/P0Z6aDTLV3I<\/p>\n","protected":false},"author":1,"featured_media":11991,"comment_status":"closed","ping_status":"closed","sticky":false,"template":"","format":"standard","meta":{"footnotes":""},"categories":[45],"tags":[],"class_list":["post-11990","post","type-post","status-publish","format-standard","has-post-thumbnail","hentry","category-atizapan-de-zaragoza"],"_links":{"self":[{"href":"https:\/\/www.notiflashmexiquense.com.mx\/index.php?rest_route=\/wp\/v2\/posts\/11990","targetHints":{"allow":["GET"]}}],"collection":[{"href":"https:\/\/www.notiflashmexiquense.com.mx\/index.php?rest_route=\/wp\/v2\/posts"}],"about":[{"href":"https:\/\/www.notiflashmexiquense.com.mx\/index.php?rest_route=\/wp\/v2\/types\/post"}],"author":[{"embeddable":true,"href":"https:\/\/www.notiflashmexiquense.com.mx\/index.php?rest_route=\/wp\/v2\/users\/1"}],"replies":[{"embeddable":true,"href":"https:\/\/www.notiflashmexiquense.com.mx\/index.php?rest_route=%2Fwp%2Fv2%2Fcomments&post=11990"}],"version-history":[{"count":2,"href":"https:\/\/www.notiflashmexiquense.com.mx\/index.php?rest_route=\/wp\/v2\/posts\/11990\/revisions"}],"predecessor-version":[{"id":11996,"href":"https:\/\/www.notiflashmexiquense.com.mx\/index.php?rest_route=\/wp\/v2\/posts\/11990\/revisions\/11996"}],"wp:featuredmedia":[{"embeddable":true,"href":"https:\/\/www.notiflashmexiquense.com.mx\/index.php?rest_route=\/wp\/v2\/media\/11991"}],"wp:attachment":[{"href":"https:\/\/www.notiflashmexiquense.com.mx\/index.php?rest_route=%2Fwp%2Fv2%2Fmedia&parent=11990"}],"wp:term":[{"taxonomy":"category","embeddable":true,"href":"https:\/\/www.notiflashmexiquense.com.mx\/index.php?rest_route=%2Fwp%2Fv2%2Fcategories&post=11990"},{"taxonomy":"post_tag","embeddable":true,"href":"https:\/\/www.notiflashmexiquense.com.mx\/index.php?rest_route=%2Fwp%2Fv2%2Ftags&post=11990"}],"curies":[{"name":"wp","href":"https:\/\/api.w.org\/{rel}","templated":true}]}}