{"id":11978,"date":"2023-03-03T21:09:19","date_gmt":"2023-03-03T21:09:19","guid":{"rendered":"https:\/\/www.notiflashmexiquense.com.mx\/?p=11978"},"modified":"2023-03-03T21:09:21","modified_gmt":"2023-03-03T21:09:21","slug":"delfina-gomez-y-diputados-federales-de-morena-pt-y-pvem-dialogan-sobre-la-ley-general-de-educacion","status":"publish","type":"post","link":"https:\/\/www.notiflashmexiquense.com.mx\/?p=11978","title":{"rendered":"Delfina G\u00f3mez y diputados federales de MORENA, PT y PVEM dialogan sobre la Ley General de Educaci\u00f3n"},"content":{"rendered":"\n<p>La maestra Delfina G\u00f3mez \u00c1lvarez particip\u00f3 en una charla sobre los recientes dict\u00e1menes a la ley en materia educativa presentadas por los grupos parlamentarios de MORENA, el Partido del Trabajo y el Partido Verde Ecologista de M\u00e9xico en la C\u00e1mara de Diputados.<\/p>\n\n\n\n<p>\u00abAgradezco la invitaci\u00f3n de compa\u00f1eras y compa\u00f1eros diputados para hablar sobre dict\u00e1menes que se discuten en materia de educaci\u00f3n inicial, la cual va de 0 a 3 a\u00f1os de edad y que se consider\u00f3 en la reforma educativa de 2019, as\u00ed como el dictamen sobre aprendizaje digital y opciones educativas\u00bb, detall\u00f3 Delfina G\u00f3mez en sus redes sociales.<\/p>\n\n\n\n<p>Dichas iniciativas abordan modificaciones a la Ley General de Educaci\u00f3n que plantean volver la educaci\u00f3n inicial obligatoria para ni\u00f1as y ni\u00f1os de 0 a 3 a\u00f1os con el objetivo de reforzar sus capacidades de aprendizaje, lograr igualdad de oportunidades y su permanencia en los siguientes niveles educativos.<\/p>\n\n\n\n<p>Otra de las iniciativas plantea el reforzamiento del equipamiento tecnol\u00f3gico y el servicio de internet en las escuelas para seguir impulsando la transici\u00f3n al aprendizaje digital.<\/p>\n","protected":false},"excerpt":{"rendered":"<p>La maestra Delfina G&oacute;mez &Aacute;lvarez particip&oacute; en una charla sobre los recientes dict&aacute;menes a la&#8230;<\/p>\n","protected":false},"author":1,"featured_media":11979,"comment_status":"closed","ping_status":"closed","sticky":false,"template":"","format":"standard","meta":{"footnotes":""},"categories":[1],"tags":[],"class_list":["post-11978","post","type-post","status-publish","format-standard","has-post-thumbnail","hentry","category-noticias"],"_links":{"self":[{"href":"https:\/\/www.notiflashmexiquense.com.mx\/index.php?rest_route=\/wp\/v2\/posts\/11978","targetHints":{"allow":["GET"]}}],"collection":[{"href":"https:\/\/www.notiflashmexiquense.com.mx\/index.php?rest_route=\/wp\/v2\/posts"}],"about":[{"href":"https:\/\/www.notiflashmexiquense.com.mx\/index.php?rest_route=\/wp\/v2\/types\/post"}],"author":[{"embeddable":true,"href":"https:\/\/www.notiflashmexiquense.com.mx\/index.php?rest_route=\/wp\/v2\/users\/1"}],"replies":[{"embeddable":true,"href":"https:\/\/www.notiflashmexiquense.com.mx\/index.php?rest_route=%2Fwp%2Fv2%2Fcomments&post=11978"}],"version-history":[{"count":1,"href":"https:\/\/www.notiflashmexiquense.com.mx\/index.php?rest_route=\/wp\/v2\/posts\/11978\/revisions"}],"predecessor-version":[{"id":11980,"href":"https:\/\/www.notiflashmexiquense.com.mx\/index.php?rest_route=\/wp\/v2\/posts\/11978\/revisions\/11980"}],"wp:featuredmedia":[{"embeddable":true,"href":"https:\/\/www.notiflashmexiquense.com.mx\/index.php?rest_route=\/wp\/v2\/media\/11979"}],"wp:attachment":[{"href":"https:\/\/www.notiflashmexiquense.com.mx\/index.php?rest_route=%2Fwp%2Fv2%2Fmedia&parent=11978"}],"wp:term":[{"taxonomy":"category","embeddable":true,"href":"https:\/\/www.notiflashmexiquense.com.mx\/index.php?rest_route=%2Fwp%2Fv2%2Fcategories&post=11978"},{"taxonomy":"post_tag","embeddable":true,"href":"https:\/\/www.notiflashmexiquense.com.mx\/index.php?rest_route=%2Fwp%2Fv2%2Ftags&post=11978"}],"curies":[{"name":"wp","href":"https:\/\/api.w.org\/{rel}","templated":true}]}}