{"id":11966,"date":"2023-03-03T18:11:55","date_gmt":"2023-03-03T18:11:55","guid":{"rendered":"https:\/\/www.notiflashmexiquense.com.mx\/?p=11966"},"modified":"2023-03-03T18:11:57","modified_gmt":"2023-03-03T18:11:57","slug":"automovil-cae-a-rio-de-aguas-negras-en-valle-ceylan-conductor-iba-en-estado-de-ebriedad-y-a-exceso-de-velocidad","status":"publish","type":"post","link":"https:\/\/www.notiflashmexiquense.com.mx\/?p=11966","title":{"rendered":"AUTOM\u00d3VIL CAE A R\u00cdO DE AGUAS NEGRAS EN VALLE CEYLAN; CONDUCTOR IBA EN ESTADO DE EBRIEDAD Y A EXCESO DE VELOCIDAD"},"content":{"rendered":"\n<p>\u25cf El presunto responsable de estos hechos result\u00f3 con algunos golpes<br>\u25cf Bomberos y Protecci\u00f3n Civil trabajaron para rescatar la unidad del cauce<\/p>\n\n\n\n<p><em>Tlalnepantla de Baz, Estado de M\u00e9xico, a 3 de marzo de 2023<\/em>.- Un hombre que conduc\u00eda bajo los influjos del alcohol y a exceso de velocidad result\u00f3 lesionado esta ma\u00f1ana, luego de que su auto se precipitara al r\u00edo de aguas negras en la colonia Fraccionamiento Valle Ceylan, inform\u00f3 la Comisar\u00eda de Seguridad P\u00fablica y Tr\u00e1nsito Municipal de Tlalnepantla.<\/p>\n\n\n\n<p>La corporaci\u00f3n dio a conocer que Manuel \u00abM\u00bb, de 29 a\u00f1os de edad, conduc\u00eda en estado et\u00edlico un veh\u00edculo tipo Vento color negro, con placas de circulaci\u00f3n NDA4754, por lo que no pudo actuar con pericia para evitar el percance en la avenida Tlalnepantla Tenayuca frente a la calle Cerrada de Petunias de la referida colonia.<\/p>\n\n\n\n<p>Al lugar de los hechos acudieron los polic\u00edas municipales de la unidad TPV-135, quienes recibieron v\u00eda radio frecuencia C4 la alerta de que un autom\u00f3vil hab\u00eda ca\u00eddo al cauce de aguas negras.<\/p>\n\n\n\n<p>Para llevar a cabo las tareas de rescate del veh\u00edculo se solicit\u00f3 el apoyo de Protecci\u00f3n Civil y los bomberos de Tlalnepantla. Por lo anterior se hicieron cargo la Unidad de Percances PA-03, y las unidades de bomberos BM-021 y BM-052<\/p>\n\n\n\n<p>El conductor qued\u00f3 en calidad de detenido y trasladado por elementos de la Polic\u00eda Municipal al Ministerio P\u00fablico, con el fin de deslindar las responsabilidades correspondientes.<\/p>\n","protected":false},"excerpt":{"rendered":"<p>&#9679; El presunto responsable de estos hechos result&oacute; con algunos golpes&#9679; Bomberos y Protecci&oacute;n Civil&#8230;<\/p>\n","protected":false},"author":1,"featured_media":11967,"comment_status":"closed","ping_status":"closed","sticky":false,"template":"","format":"standard","meta":{"footnotes":""},"categories":[45],"tags":[],"class_list":["post-11966","post","type-post","status-publish","format-standard","has-post-thumbnail","hentry","category-atizapan-de-zaragoza"],"_links":{"self":[{"href":"https:\/\/www.notiflashmexiquense.com.mx\/index.php?rest_route=\/wp\/v2\/posts\/11966","targetHints":{"allow":["GET"]}}],"collection":[{"href":"https:\/\/www.notiflashmexiquense.com.mx\/index.php?rest_route=\/wp\/v2\/posts"}],"about":[{"href":"https:\/\/www.notiflashmexiquense.com.mx\/index.php?rest_route=\/wp\/v2\/types\/post"}],"author":[{"embeddable":true,"href":"https:\/\/www.notiflashmexiquense.com.mx\/index.php?rest_route=\/wp\/v2\/users\/1"}],"replies":[{"embeddable":true,"href":"https:\/\/www.notiflashmexiquense.com.mx\/index.php?rest_route=%2Fwp%2Fv2%2Fcomments&post=11966"}],"version-history":[{"count":1,"href":"https:\/\/www.notiflashmexiquense.com.mx\/index.php?rest_route=\/wp\/v2\/posts\/11966\/revisions"}],"predecessor-version":[{"id":11968,"href":"https:\/\/www.notiflashmexiquense.com.mx\/index.php?rest_route=\/wp\/v2\/posts\/11966\/revisions\/11968"}],"wp:featuredmedia":[{"embeddable":true,"href":"https:\/\/www.notiflashmexiquense.com.mx\/index.php?rest_route=\/wp\/v2\/media\/11967"}],"wp:attachment":[{"href":"https:\/\/www.notiflashmexiquense.com.mx\/index.php?rest_route=%2Fwp%2Fv2%2Fmedia&parent=11966"}],"wp:term":[{"taxonomy":"category","embeddable":true,"href":"https:\/\/www.notiflashmexiquense.com.mx\/index.php?rest_route=%2Fwp%2Fv2%2Fcategories&post=11966"},{"taxonomy":"post_tag","embeddable":true,"href":"https:\/\/www.notiflashmexiquense.com.mx\/index.php?rest_route=%2Fwp%2Fv2%2Ftags&post=11966"}],"curies":[{"name":"wp","href":"https:\/\/api.w.org\/{rel}","templated":true}]}}