{"id":11960,"date":"2023-03-02T22:34:49","date_gmt":"2023-03-02T22:34:49","guid":{"rendered":"https:\/\/www.notiflashmexiquense.com.mx\/?p=11960"},"modified":"2023-03-02T22:34:52","modified_gmt":"2023-03-02T22:34:52","slug":"delfina-gomez-se-consolida-en-las-encuestas-votia-reporta-20-puntos-de-diferencia-sobre-alejandra-del-moral","status":"publish","type":"post","link":"https:\/\/www.notiflashmexiquense.com.mx\/?p=11960","title":{"rendered":"Delfina G\u00f3mez se consolida en las encuestas: VOTIA reporta 20 puntos de diferencia sobre Alejandra del Moral"},"content":{"rendered":"\n<p>La maestra Delfina G\u00f3mez \u00c1lvarez, se ubic\u00f3 20 puntos arriba de Alejandra del Moral, en el m\u00e1s reciente estudio de la encuestadora VOTIA.<\/p>\n\n\n\n<p>A la pregunta \u201cY si la elecci\u00f3n de Gobernador en el Estado de M\u00e9xico fuera el d\u00eda de hoy \u00bfpor cu\u00e1l alianza, partido o candidato votar\u00eda?\u201d, la maestra Delfina G\u00f3mez alcanz\u00f3 el 56 por ciento de intenci\u00f3n de voto, mientras que Alejandra del Moral obtuvo 36 por ciento, es decir, se presentan 20 puntos de diferencia.<\/p>\n\n\n\n<p>Por otro lado, en la encuesta levantada del 24 al 27 de febrero, el 51 por ciento de los encuestados considera que la maestra Delfina G\u00f3mez \u201cganar\u00e1 la gubernatura del Estado de M\u00e9xico\u201d, por el 25 por ciento que piensa que ser\u00e1 Alejandra del Moral.<\/p>\n\n\n\n<p>El estudio demosc\u00f3pico de igual forma indic\u00f3, que la alianza conformada por MORENA, PT y PVEM obtuvo el 56 por ciento de la intenci\u00f3n de voto, al cuestionar a la poblaci\u00f3n encuestada \u201c\u00bfpor cu\u00e1l partido o coalici\u00f3n votar\u00eda para Gobernador?\u201d. En la misma pregunta, el bloque integrado por el PRI-PAN-PRD obtuvo un 35 por ciento.<\/p>\n\n\n\n<p>Individualmente como partido, MORENA cuenta con el 61 por ciento de la intenci\u00f3n de voto seg\u00fan el estudio de opini\u00f3n; el PRI 23 por ciento y el PAN 9 por ciento en la pregunta \u201cSi hoy tuviera que decidir por qui\u00e9n votar para elegir Gobernador, \u00bfpor cu\u00e1l partido votar\u00eda?\u201d.<\/p>\n\n\n\n<p>La encuesta de VOTIA utiliz\u00f3 como herramienta de investigaci\u00f3n llevar a cabo 1,000 entrevistas \u201ccara a cara\u201d en viviendas, la cual tambi\u00e9n proporcion\u00f3 el dato que la maestra Delfina G\u00f3mez tiene un 34 por ciento de las preferencias ante el cuestionamiento \u201c\u00bfcu\u00e1l de los siguientes candidatos representa un cambio positivo?\u201d; aumentando 10 puntos dicho porcentaje en comparaci\u00f3n con el dato hist\u00f3rico que arroj\u00f3 la encuesta de enero pasado. Cabe destacar, que en ese mismo rubro, Alejandra del Moral obtuvo 16 por ciento.<\/p>\n\n\n\n<p>La encuesta referida fue publicada este 1\u00ba de marzo y puede ser consultada en el siguiente link:<\/p>\n\n\n\n<figure class=\"wp-block-embed is-type-wp-embed is-provider-votia-agencia-de-investigacion-social wp-block-embed-votia-agencia-de-investigacion-social\"><div class=\"wp-block-embed__wrapper\">\nhttps:\/\/www.votia.com.mx\/rumbo-a-elecciones-2023-clima-politico-en-el-estado-de-mexico-medicion-febrero-2023\/\n<\/div><\/figure>\n","protected":false},"excerpt":{"rendered":"<p>La maestra Delfina G&oacute;mez &Aacute;lvarez, se ubic&oacute; 20 puntos arriba de Alejandra del Moral, en&#8230;<\/p>\n","protected":false},"author":1,"featured_media":11961,"comment_status":"closed","ping_status":"closed","sticky":false,"template":"","format":"standard","meta":{"footnotes":""},"categories":[1],"tags":[],"class_list":["post-11960","post","type-post","status-publish","format-standard","has-post-thumbnail","hentry","category-noticias"],"_links":{"self":[{"href":"https:\/\/www.notiflashmexiquense.com.mx\/index.php?rest_route=\/wp\/v2\/posts\/11960","targetHints":{"allow":["GET"]}}],"collection":[{"href":"https:\/\/www.notiflashmexiquense.com.mx\/index.php?rest_route=\/wp\/v2\/posts"}],"about":[{"href":"https:\/\/www.notiflashmexiquense.com.mx\/index.php?rest_route=\/wp\/v2\/types\/post"}],"author":[{"embeddable":true,"href":"https:\/\/www.notiflashmexiquense.com.mx\/index.php?rest_route=\/wp\/v2\/users\/1"}],"replies":[{"embeddable":true,"href":"https:\/\/www.notiflashmexiquense.com.mx\/index.php?rest_route=%2Fwp%2Fv2%2Fcomments&post=11960"}],"version-history":[{"count":1,"href":"https:\/\/www.notiflashmexiquense.com.mx\/index.php?rest_route=\/wp\/v2\/posts\/11960\/revisions"}],"predecessor-version":[{"id":11962,"href":"https:\/\/www.notiflashmexiquense.com.mx\/index.php?rest_route=\/wp\/v2\/posts\/11960\/revisions\/11962"}],"wp:featuredmedia":[{"embeddable":true,"href":"https:\/\/www.notiflashmexiquense.com.mx\/index.php?rest_route=\/wp\/v2\/media\/11961"}],"wp:attachment":[{"href":"https:\/\/www.notiflashmexiquense.com.mx\/index.php?rest_route=%2Fwp%2Fv2%2Fmedia&parent=11960"}],"wp:term":[{"taxonomy":"category","embeddable":true,"href":"https:\/\/www.notiflashmexiquense.com.mx\/index.php?rest_route=%2Fwp%2Fv2%2Fcategories&post=11960"},{"taxonomy":"post_tag","embeddable":true,"href":"https:\/\/www.notiflashmexiquense.com.mx\/index.php?rest_route=%2Fwp%2Fv2%2Ftags&post=11960"}],"curies":[{"name":"wp","href":"https:\/\/api.w.org\/{rel}","templated":true}]}}