{"id":11948,"date":"2023-03-02T01:08:01","date_gmt":"2023-03-02T01:08:01","guid":{"rendered":"https:\/\/www.notiflashmexiquense.com.mx\/?p=11948"},"modified":"2023-03-02T01:08:04","modified_gmt":"2023-03-02T01:08:04","slug":"luzma-hernandez-y-gerardo-ulloa-a-favor-de-estudio-y-analisis-de-ley-en-pro-de-personas-defensoras-de-derechos-humanos-y-periodistas-del-edomex","status":"publish","type":"post","link":"https:\/\/www.notiflashmexiquense.com.mx\/?p=11948","title":{"rendered":"Luzma Hern\u00e1ndez y Gerardo Ulloa a favor de estudio y an\u00e1lisis de Ley en pro de Personas Defensoras de Derechos Humanos y Period\u00edstas del Edom\u00e9x"},"content":{"rendered":"\n<p>\uf0fc Diputado Gerardo Ulloa propuso conjuntar las cinco iniciativas para elaborar un solo dictamen<\/p>\n\n\n\n<p>\uf0fc Luzma Hern\u00e1ndez precis\u00f3 que se debe garantizar la protecci\u00f3n a defensores del medio ambiente<\/p>\n\n\n\n<p>Toluca, M\u00e9x, 1 de marzo de 2023.- Luzma Hern\u00e1ndez Berm\u00fadez y Gerardo Ulloa P\u00e9rez, legisladores del Grupo Parlamentario de Morena en el Congreso Mexiquense, se pronunciaron a favor de emprender un estudio amplio y profundo de las cinco iniciativas que plantean adiciones y modificaciones a diversos art\u00edculos y ordenamientos de la Ley para la Protecci\u00f3n Integral de Periodistas y Personas Defensoras de los Derechos Humanos del Estado de M\u00e9xico, as\u00ed como a la Ley de la Fiscal\u00eda General de Justicia y Constituci\u00f3n estatal.<\/p>\n\n\n\n<p>Lo anterior, coincidieron en se\u00f1alar los diputados de Morena, ya que las propuestas buscan ampliar la protecci\u00f3n de aquellas personas defensoras del medio ambiente y tambi\u00e9n impulsan acciones precisas para mejorar el Mecanismo para la Protecci\u00f3n Integral de Periodistas y Personas Defensoras de Derechos Humanos.<\/p>\n\n\n\n<p>Durante la reuni\u00f3n de trabajo de las y los diputados al interior de las comisiones unidas legislativas de Gobernaci\u00f3n y Puntos Constitucionales, Derechos Humanos y Procuraci\u00f3n y Administraci\u00f3n de Justicia del Congreso local, Luzma Hern\u00e1ndez se\u00f1al\u00f3 que se deben realizar los cambios necesarios para garantizar la protecci\u00f3n total de aquellas personas que se dedican a la defensa del medio ambiente.<\/p>\n\n\n\n<p>Record\u00f3 que el caso del municipio mexiquense de Ocuilan es muy significativo, ya que varios ambientalistas avecindados en comunidades de dicha zona boscosa, emprendieron una lucha frontal contra los talamontes ilegales y eso desencaden\u00f3 un gran numero de conflictos y ha colocado a decenas de personas en riesgo durante muchos a\u00f1os.<\/p>\n\n\n\n<p>Por ello, dijo Luzma Hern\u00e1ndez, es fundamental que los defensores de los bosques mexiquenses y ambientalistas en general siempre tengan la garant\u00eda que existe soporte institucional de protecci\u00f3n jur\u00eddica, as\u00ed como un eficiente Mecanismo para la Protecci\u00f3n Integral de Periodistas y Personas Defensoras de Derechos Humanos.<\/p>\n\n\n\n<p>Instancia que debe tener la capacidad de intervenir de manera oportuna en caso de ser necesario.<\/p>\n\n\n\n<p>La diputada de Morena propuso que en caso de registrarse alg\u00fan tipo intimidaci\u00f3n y\/o vulneraci\u00f3n a defensores de los bosques y del medio ambiente en general, no solo se active el Mecanismo sino tambi\u00e9n se comunique lo sucedido a integrantes de la comisi\u00f3n legislativa del ramo como es Medio Ambiente y Cambio Clim\u00e1tico.<\/p>\n\n\n\n<p>Por su parte Gerardo Ulloa, insisti\u00f3 en la necesidad de conjuntar las cinco propuestas para elaborar un solo Decreto, ya que en el fondo tienen el mismo objetivo que consiste en mejorar el Mecanismo de protecci\u00f3n a personas defensoras de los derechos humanos y busca una mayor eficacia en la ejecuci\u00f3n de las leyes en beneficio de las y los mexiquenses.<\/p>\n\n\n\n<p>A la reuni\u00f3n acudieron funcionarios de la Comisi\u00f3n de Derechos Humanos (Codhem) y Fiscal\u00eda General de Justicia del Estado de M\u00e9xico (FGJEM), as\u00ed como de la Secretar\u00eda de Justicia y Derechos Humanos del Poder Ejecutivo estatal, los cuales puntualizaron a las y los legisladores que el concepto de defensor de derechos humanos contempla a los ambientalistas, por lo que no era necesario particularizar la ley en ese sentido.<\/p>\n\n\n\n<p>Es de destacar que la representante de la Codhem asegur\u00f3 como muy viable que en la Junta de Gobierno del Mecanismo de Protecci\u00f3n la Comisi\u00f3n tenga voz y voto, ya que en estos momentos la Ley s\u00f3lo le permite la primera; mientras que Rosa Mar\u00eda Oviedo, Coordinadora Ejecutiva del Mecanismo para la Protecci\u00f3n Integral de Periodistas y Personas Defensoras de Derechos Humanos, detall\u00f3 el funcionamiento del mecanismo.<\/p>\n\n\n\n<p>Y precis\u00f3 que se tiene capacidad de dar respuesta inmediata, en un lapso de tres horas, para atender y sustraer a cualquier periodista, ambientalista y\/o defensor de derechos humanos que este en riesgo inminente; precis\u00f3 que se le puede resguardarlo, junto con su familia, en un sitio seguro y\/o brindarle mecanismos de protecci\u00f3n.<\/p>\n","protected":false},"excerpt":{"rendered":"<p>&#61692; Diputado Gerardo Ulloa propuso conjuntar las cinco iniciativas para elaborar un solo dictamen &#61692;&#8230;<\/p>\n","protected":false},"author":1,"featured_media":11949,"comment_status":"closed","ping_status":"closed","sticky":false,"template":"","format":"standard","meta":{"footnotes":""},"categories":[42],"tags":[],"class_list":["post-11948","post","type-post","status-publish","format-standard","has-post-thumbnail","hentry","category-legislatura-mexiquense-nueva-etapa"],"_links":{"self":[{"href":"https:\/\/www.notiflashmexiquense.com.mx\/index.php?rest_route=\/wp\/v2\/posts\/11948","targetHints":{"allow":["GET"]}}],"collection":[{"href":"https:\/\/www.notiflashmexiquense.com.mx\/index.php?rest_route=\/wp\/v2\/posts"}],"about":[{"href":"https:\/\/www.notiflashmexiquense.com.mx\/index.php?rest_route=\/wp\/v2\/types\/post"}],"author":[{"embeddable":true,"href":"https:\/\/www.notiflashmexiquense.com.mx\/index.php?rest_route=\/wp\/v2\/users\/1"}],"replies":[{"embeddable":true,"href":"https:\/\/www.notiflashmexiquense.com.mx\/index.php?rest_route=%2Fwp%2Fv2%2Fcomments&post=11948"}],"version-history":[{"count":1,"href":"https:\/\/www.notiflashmexiquense.com.mx\/index.php?rest_route=\/wp\/v2\/posts\/11948\/revisions"}],"predecessor-version":[{"id":11950,"href":"https:\/\/www.notiflashmexiquense.com.mx\/index.php?rest_route=\/wp\/v2\/posts\/11948\/revisions\/11950"}],"wp:featuredmedia":[{"embeddable":true,"href":"https:\/\/www.notiflashmexiquense.com.mx\/index.php?rest_route=\/wp\/v2\/media\/11949"}],"wp:attachment":[{"href":"https:\/\/www.notiflashmexiquense.com.mx\/index.php?rest_route=%2Fwp%2Fv2%2Fmedia&parent=11948"}],"wp:term":[{"taxonomy":"category","embeddable":true,"href":"https:\/\/www.notiflashmexiquense.com.mx\/index.php?rest_route=%2Fwp%2Fv2%2Fcategories&post=11948"},{"taxonomy":"post_tag","embeddable":true,"href":"https:\/\/www.notiflashmexiquense.com.mx\/index.php?rest_route=%2Fwp%2Fv2%2Ftags&post=11948"}],"curies":[{"name":"wp","href":"https:\/\/api.w.org\/{rel}","templated":true}]}}