{"id":11860,"date":"2023-02-24T23:37:07","date_gmt":"2023-02-24T23:37:07","guid":{"rendered":"https:\/\/www.notiflashmexiquense.com.mx\/?p=11860"},"modified":"2023-02-24T23:37:11","modified_gmt":"2023-02-24T23:37:11","slug":"celebra-atizapan-de-zaragoza-dia-de-la-bandera-con-concurso-bandera-de-mexico-la-mas-hermosa","status":"publish","type":"post","link":"https:\/\/www.notiflashmexiquense.com.mx\/?p=11860","title":{"rendered":"CELEBRA ATIZAP\u00c1N DE ZARAGOZA D\u00cdA DE LA BANDERA CON CONCURSO \u201cBANDERA DE M\u00c9XICO, LA M\u00c1S HERMOSA\u201d"},"content":{"rendered":"\n<p>En el marco del D\u00eda de la Bandera, el Gobierno de Atizap\u00e1n de Zaragoza, a trav\u00e9s de la Direcci\u00f3n de Desarrollo Social, reconoci\u00f3 los 150 trabajos de las ni\u00f1as y ni\u00f1os que participaron en el segundo concurso \u201cBandera de M\u00e9xico, la m\u00e1s Hermosa\u201d.<\/p>\n\n\n\n<p>El Presidente Municipal, Pedro Rodr\u00edguez Villegas, acompa\u00f1ado de los directores de Desarrollo Social y Educaci\u00f3n, Rodrigo S\u00e1nchez de la Pe\u00f1a y Fredy Hern\u00e1ndez B\u00e1rcenas, respectivamente, entregaron de forma simb\u00f3lica 10 reconocimientos a diferentes trabajos que presentaron los menores de edad atizapenses de nivel primaria, adem\u00e1s de premiar a los primeros tres lugares.<\/p>\n\n\n\n<p>Sof\u00eda Le\u00f3n Hern\u00e1ndez, de 11 a\u00f1os de edad, estudiante de la escuela Juan Jacobo Rousseau, fue la ganadora del primer lugar al presentar un trabajo de bordado a mano de la Bandera de M\u00e9xico. El segundo lugar fue para Hugo Ailton Gonz\u00e1lez L\u00f3pez de 8 a\u00f1os, de la Primaria Jos\u00e9 Clemente Orozco, y el tercer lugar para Alexa Romina Reyes S\u00e1nchez de 10 a\u00f1os, estudiante de la Escuela Primaria Eva S\u00e1mano.<\/p>\n\n\n\n<p>Ante la presencia de Santa Virginia Padr\u00f3n Cornejo, Supervisora de la Zona Escolar No. 58 del Sector 5, el Alcalde Pedro Rodr\u00edguez dijo tanto a los ni\u00f1os como a sus padres que, este d\u00eda, se trata de unir a todas y todos en torno al l\u00e1baro patrio y tambi\u00e9n inculcar en las generaciones j\u00f3venes el amor a un pa\u00eds.<\/p>\n\n\n\n<p>\u201cHoy lo que nos tiene que identificar es el amor a nuestro pa\u00eds, a nuestra bandera que es lo que nos une. Me da gusto que los padres sean impulsores de que a estos ni\u00f1os, a tan temprana edad, les inculquen ese amor y cari\u00f1o a nuestra Bandera\u201d, recalc\u00f3 Rodr\u00edguez Villegas<\/p>\n\n\n\n<p>Agreg\u00f3 que hoy nuestro pa\u00eds requiere que todos sean protagonistas y dejar de ser ap\u00e1ticos a la realidad que se vive para superar los desaf\u00edos que se presentan en los diferentes \u00e1mbitos de la sociedad mexicana.<\/p>\n\n\n\n<p>\u201cLos destinos de los municipios, de los estados y del pa\u00eds depende de nuestra participaci\u00f3n, de nuestro entusiasmo y de lo que nosotros hagamos por cambiar las cosas, quisiera que todos nos sum\u00e1ramos, que participemos, que nos involucremos para cambiar a nuestro querido Atizap\u00e1n de Zaragoza\u201d, destac\u00f3.<\/p>\n\n\n\n<p>Por su parte, el ni\u00f1o Iker Mateo S\u00e1nchez Jim\u00e9nez, Integrante del Consejo Consultivo de las Ni\u00f1as, Ni\u00f1os y Adolescentes del Estado de M\u00e9xico y vecino del Fraccionamiento las Acacias, agradeci\u00f3 el concurso y dijo que, \u201cde grande quiero ser m\u00e9dico para encontrar la cura al c\u00e1ncer infantil y tambi\u00e9n Presidente de la Rep\u00fablica para poner en alto el nombre de M\u00e9xico y gobernar con la ciudadania, como lo hace nuestro Presidente Pedro\u201d.<\/p>\n\n\n\n<p>Para esta segunda edici\u00f3n del concurso \u201cBandera de M\u00e9xico, la m\u00e1s Hermosa\u201d, participaron 150 alumnas y alumnos tanto de escuelas primarias p\u00fablicas como privadas, de las cuales el 60 por ciento fueron ni\u00f1as y el 40 por ciento ni\u00f1os de entre 6 y 12 a\u00f1os. Los trabajos que se presentaron fueron realizados con materiales diversos alusivos a la Bandera de M\u00e9xico.<\/p>\n\n\n\n<p>En actividades previas, El Presidente Municipal, Pedro Rodr\u00edguez Villegas, asisti\u00f3 a la Ceremonia del D\u00eda de La Bandera, que se llev\u00f3 a cabo en el Colegio Rafael Paz, donde les expres\u00f3 a las y los j\u00f3venes estudiantes, as\u00ed como a sus padres, la importancia de mantener la unidad e identidad que nos proporciona la ense\u00f1a nacional.<\/p>\n\n\n\n<p>En el plantel ubicado en Paseos de Zaragoza, el Alcalde dijo que corresponde a cada mexicano, donde quiera que se encuentre, en la escuela, en la f\u00e1brica, en los hospitales, en el campo, en el gobierno, en el ej\u00e9rcito, en cualquier sitio, actuar y sumarse para edificar un M\u00e9xico seguro, grande y justo para todos.<\/p>\n\n\n\n<p>En esta actividad, Rodr\u00edguez Villegas estuvo acompa\u00f1ado de Ver\u00f3nica \u00c1lvarez Manilla Garc\u00eda, Jefa del Sector Primaria; Erika Mariana Cervantes Mu\u00f1oz, Supervisora Escolar; Zeus Jes\u00fas Hern\u00e1ndez Cabrera , Supervisor Escolar y el Director del Colegio Rafael Paz, Alejandro Villacorta Ramos.<\/p>\n","protected":false},"excerpt":{"rendered":"<p>En el marco del D&iacute;a de la Bandera, el Gobierno de Atizap&aacute;n de Zaragoza, a&#8230;<\/p>\n","protected":false},"author":1,"featured_media":11861,"comment_status":"closed","ping_status":"closed","sticky":false,"template":"","format":"standard","meta":{"footnotes":""},"categories":[45],"tags":[],"class_list":["post-11860","post","type-post","status-publish","format-standard","has-post-thumbnail","hentry","category-atizapan-de-zaragoza"],"_links":{"self":[{"href":"https:\/\/www.notiflashmexiquense.com.mx\/index.php?rest_route=\/wp\/v2\/posts\/11860","targetHints":{"allow":["GET"]}}],"collection":[{"href":"https:\/\/www.notiflashmexiquense.com.mx\/index.php?rest_route=\/wp\/v2\/posts"}],"about":[{"href":"https:\/\/www.notiflashmexiquense.com.mx\/index.php?rest_route=\/wp\/v2\/types\/post"}],"author":[{"embeddable":true,"href":"https:\/\/www.notiflashmexiquense.com.mx\/index.php?rest_route=\/wp\/v2\/users\/1"}],"replies":[{"embeddable":true,"href":"https:\/\/www.notiflashmexiquense.com.mx\/index.php?rest_route=%2Fwp%2Fv2%2Fcomments&post=11860"}],"version-history":[{"count":1,"href":"https:\/\/www.notiflashmexiquense.com.mx\/index.php?rest_route=\/wp\/v2\/posts\/11860\/revisions"}],"predecessor-version":[{"id":11862,"href":"https:\/\/www.notiflashmexiquense.com.mx\/index.php?rest_route=\/wp\/v2\/posts\/11860\/revisions\/11862"}],"wp:featuredmedia":[{"embeddable":true,"href":"https:\/\/www.notiflashmexiquense.com.mx\/index.php?rest_route=\/wp\/v2\/media\/11861"}],"wp:attachment":[{"href":"https:\/\/www.notiflashmexiquense.com.mx\/index.php?rest_route=%2Fwp%2Fv2%2Fmedia&parent=11860"}],"wp:term":[{"taxonomy":"category","embeddable":true,"href":"https:\/\/www.notiflashmexiquense.com.mx\/index.php?rest_route=%2Fwp%2Fv2%2Fcategories&post=11860"},{"taxonomy":"post_tag","embeddable":true,"href":"https:\/\/www.notiflashmexiquense.com.mx\/index.php?rest_route=%2Fwp%2Fv2%2Ftags&post=11860"}],"curies":[{"name":"wp","href":"https:\/\/api.w.org\/{rel}","templated":true}]}}