{"id":11837,"date":"2023-02-22T22:29:14","date_gmt":"2023-02-22T22:29:14","guid":{"rendered":"https:\/\/www.notiflashmexiquense.com.mx\/?p=11837"},"modified":"2023-02-22T22:30:20","modified_gmt":"2023-02-22T22:30:20","slug":"demanda-morena-que-ley-de-proteccion-a-periodistas-en-edomex-no-sea-letra-muerta","status":"publish","type":"post","link":"https:\/\/www.notiflashmexiquense.com.mx\/?p=11837","title":{"rendered":"Demanda Morena que Ley de Protecci\u00f3n a Periodistas en Edomex no sea Letra Muerta"},"content":{"rendered":"\n<p>\uf0fc Propone Anais Burgos citar al secretario de Justicia y Derechos Humanos con la idea de partir de un diagn\u00f3stico<\/p>\n\n\n\n<p>\uf0fc Fiscal\u00eda y autoridades deben atender la ley, respetar los derechos de periodistas y personas defensoras del medio ambiente: Faustino de la Cruz<\/p>\n\n\n\n<p>\uf0fc Max Correa Hern\u00e1ndez destaca el enfoque de protecci\u00f3n a los defensores del medio ambiente y de la madre Tierra<\/p>\n\n\n\n<p>Toluca, M\u00e9x., 22 de febrero de 2023.- Hace 2 a\u00f1os que la 60 Legislatura aprob\u00f3 la Ley para la Protecci\u00f3n Integral de Periodistas y Personas Defensoras de los Derechos Humanos del Estado de M\u00e9xico, sin embargo, parece como muchas otras leyes que hoy es Letra Muerta, se\u00f1alaron diputados de Morena, durante reuni\u00f3n de trabajo de comisiones unidas, donde se analizan tres iniciativas con proyecto de decreto para reformar y adicionar diversas disposiciones a dicha Ley.<\/p>\n\n\n\n<p>En Comisiones unidas de Gobernaci\u00f3n y Puntos Constitucionales, de Derechos Humanos y, Procuraci\u00f3n y Administraci\u00f3n de Justicia, la diputada Anais Burgos Hern\u00e1ndez, al hacer referencia a que poco o nada ha cambiado desde la aprobaci\u00f3n de la reciente Ley para la Protecci\u00f3n de Periodistas, refiri\u00f3 caemos en un fetiche legislativo, que todo lo resolvemos legislando, reformando sobre lo que a\u00fan no termina de arrancar, por lo que cuestion\u00f3, sobre la efectividad de la aplicaci\u00f3n de esta Ley.<\/p>\n\n\n\n<p>Durante el an\u00e1lisis de las iniciativas con proyecto de decreto por el que se reforman y adicionan diversas disposiciones a la mencionada Ley de Protecci\u00f3n de Periodistas y de la Ley de Fiscal\u00eda del Estado de M\u00e9xico, presentadas por el PAN, PVEM y Movimiento Ciudadano, la morenista propuso citar a las mesas de trabajo al secretario de Justicia y Derechos Humanos, quien coordina las acciones de las distintas autoridades en la protecci\u00f3n, promoci\u00f3n y garant\u00eda de la seguridad de los periodistas y las personas de derechos humanos, para partir de un diagn\u00f3stico.<\/p>\n\n\n\n<p>Tambi\u00e9n el diputado Faustino de la Cruz, estuvo de acuerdo en exhortar a la Fiscal\u00eda estatal y a las autoridades para que no quede en letra muerta la Ley, en cuanto a iniciativas los legisladores \u201chemos abonado y aportado nuestras ideas, aqu\u00ed las hemos debatido, las hemos consensado para que realmente surtan los efectos que el Congreso est\u00e1 planteando\u201d.<\/p>\n\n\n\n<p>Coment\u00f3 que es de suma importancia los derechos de los periodistas, su libre manifestaci\u00f3n de las ideas a ejercer su trabajo y a las garant\u00edas que el estado debe brindarles para desarrollar sus actividades, tambi\u00e9n se debe defender los derechos de quienes tienen el reto, la visi\u00f3n, el compromiso de salvaguardar la tierra. \u201cSon dos temas muy importantes, la Ley de protecci\u00f3n a periodistas y defensores de derechos humanos y los derechos de los defensores del medio ambiente\u201d.<\/p>\n\n\n\n<p>El legislador de la 4T, apunt\u00f3 \u201cson iniciativas que se deben trabajar de manera paralela, porque son contextos muy similares a la persecuci\u00f3n que tienen los periodistas, los altos riesgos que tienen por ejercer su funci\u00f3n y desde luego los riesgos que corren los que defienden la tierra, los bosques, el agua, el aire, se debe definir y avanzar en las mesas de trabajo\u201d.<\/p>\n\n\n\n<p>En su oportunidad, el diputado Max Correa Hern\u00e1ndez, coincidi\u00f3 con las propuestas, el enfoque de defensa y protecci\u00f3n a los defensores de derechos humanos, que pueda involucrar tambi\u00e9n a los defensores del medio ambiente o de la Madre Tierra, agreg\u00f3, hay dos casos en el Estado de M\u00e9xico donde desgraciadamente, grupos de poder econ\u00f3mico y pol\u00edtico tienen incidencia y debido a la corrupci\u00f3n, ese despliegue de la influencia que tienen estos grupos tiende no solamente a perseguir a periodistas sino tambi\u00e9n a defensores del medio ambiente.<\/p>\n\n\n\n<p>Ejemplific\u00f3, es el caso del comisariado ejidal de los bienes comunales de Huixquilucan que actualmente est\u00e1 criminalizado por defender precisamente sus bosques de la depredaci\u00f3n de la mafia inmobiliaria, cosas similares est\u00e1 sucediendo con el ejido de Jilotzingo, sucedi\u00f3 con defensores del agua que fueron criminalizados por defender su recurso h\u00eddrico y estuvieron m\u00e1s de 15 a\u00f1os privados de la libertad, sin sentencia, acusados por delitos que les fabricaron.<\/p>\n\n\n\n<p>En la reuni\u00f3n, concluy\u00f3, se debe trabajar en las adecuaciones a la normatividad, en pro de quienes enfrentan intereses de quienes tienen grandes influencias en el aparato de procuraci\u00f3n e impartici\u00f3n de justicia en la entidad y se debe garantizarles las condiciones para ofrecerles protecci\u00f3n.<\/p>\n","protected":false},"excerpt":{"rendered":"<p>&#61692; Propone Anais Burgos citar al secretario de Justicia y Derechos Humanos con la idea&#8230;<\/p>\n","protected":false},"author":1,"featured_media":11838,"comment_status":"closed","ping_status":"closed","sticky":false,"template":"","format":"standard","meta":{"footnotes":""},"categories":[42],"tags":[],"class_list":["post-11837","post","type-post","status-publish","format-standard","has-post-thumbnail","hentry","category-legislatura-mexiquense-nueva-etapa"],"_links":{"self":[{"href":"https:\/\/www.notiflashmexiquense.com.mx\/index.php?rest_route=\/wp\/v2\/posts\/11837","targetHints":{"allow":["GET"]}}],"collection":[{"href":"https:\/\/www.notiflashmexiquense.com.mx\/index.php?rest_route=\/wp\/v2\/posts"}],"about":[{"href":"https:\/\/www.notiflashmexiquense.com.mx\/index.php?rest_route=\/wp\/v2\/types\/post"}],"author":[{"embeddable":true,"href":"https:\/\/www.notiflashmexiquense.com.mx\/index.php?rest_route=\/wp\/v2\/users\/1"}],"replies":[{"embeddable":true,"href":"https:\/\/www.notiflashmexiquense.com.mx\/index.php?rest_route=%2Fwp%2Fv2%2Fcomments&post=11837"}],"version-history":[{"count":1,"href":"https:\/\/www.notiflashmexiquense.com.mx\/index.php?rest_route=\/wp\/v2\/posts\/11837\/revisions"}],"predecessor-version":[{"id":11839,"href":"https:\/\/www.notiflashmexiquense.com.mx\/index.php?rest_route=\/wp\/v2\/posts\/11837\/revisions\/11839"}],"wp:featuredmedia":[{"embeddable":true,"href":"https:\/\/www.notiflashmexiquense.com.mx\/index.php?rest_route=\/wp\/v2\/media\/11838"}],"wp:attachment":[{"href":"https:\/\/www.notiflashmexiquense.com.mx\/index.php?rest_route=%2Fwp%2Fv2%2Fmedia&parent=11837"}],"wp:term":[{"taxonomy":"category","embeddable":true,"href":"https:\/\/www.notiflashmexiquense.com.mx\/index.php?rest_route=%2Fwp%2Fv2%2Fcategories&post=11837"},{"taxonomy":"post_tag","embeddable":true,"href":"https:\/\/www.notiflashmexiquense.com.mx\/index.php?rest_route=%2Fwp%2Fv2%2Ftags&post=11837"}],"curies":[{"name":"wp","href":"https:\/\/api.w.org\/{rel}","templated":true}]}}